{"id":9407,"date":"2022-07-19T06:41:54","date_gmt":"2022-07-19T05:41:54","guid":{"rendered":"https:\/\/vinsetvintage.fr\/?p=9407"},"modified":"2023-05-18T09:12:12","modified_gmt":"2023-05-18T08:12:12","slug":"un-grand-cru-ford-mustang-a-saint-emilion","status":"publish","type":"post","link":"https:\/\/vinsetvintage.fr\/index.php\/2022\/07\/19\/un-grand-cru-ford-mustang-a-saint-emilion\/","title":{"rendered":"Un grand cru Ford Mustang \u00e0 Saint-\u00c9milion"},"content":{"rendered":"<p><span style=\"color: #993366;\"><em>En 1964, la Ford Mustang a \u00e9t\u00e9 un \u00e9v\u00e8nement plan\u00e9taire qui a fait exploser les ventes pendant des ann\u00e9es. Tout en changeant peu \u00e0 peu de look comme celle-ci de la troisi\u00e8me g\u00e9n\u00e9ration en 1969.<\/em> <\/span><\/p>\n<p><strong>CH\u00c2TEAU St.GEORGES<\/strong> \/<em>Jean-Philippe Janoueix<\/em><\/p>\n<p>Quand on revient d\u2019un s\u00e9jour aux \u00c9tats-Unis, que ram\u00e8ne -t-on comme souvenir ? Pour Jean-Philippe Janoueix, parti \u00e9tudier en 1989 la gestion en Californie avant de se lancer \u00e0 son tour dans le vin comme son p\u00e8re, ce fut une Ford Mustang cabriolet ! \u00ab La quintessence du r\u00eave de la jeunesse am\u00e9ricaine, sea-sex and sun, cheveux au vent au son des Beach boys sur l\u2019autoradio \u00e0 bord de cette auto mythique qui a \u00e9t\u00e9 un ph\u00e9nom\u00e9nal best seller des ann\u00e9es soixante \u00bb explique Jean-Philippe Janoueix aujourd\u2019hui \u00e0 la t\u00eate du Ch\u00e2teau St.Georges.<\/p>\n<figure id=\"attachment_9419\" aria-describedby=\"caption-attachment-9419\" style=\"width: 1920px\" class=\"wp-caption aligncenter\"><img loading=\"lazy\" class=\"wp-image-9419 size-full\" src=\"https:\/\/vinsetvintage.fr\/wp-content\/uploads\/2022\/01\/Tableau-de-bord-Mustang-1969.jpg\" alt=\"Tableau de bord 1969\" width=\"1920\" height=\"1240\" srcset=\"https:\/\/vinsetvintage.fr\/wp-content\/uploads\/2022\/01\/Tableau-de-bord-Mustang-1969.jpg 1920w, https:\/\/vinsetvintage.fr\/wp-content\/uploads\/2022\/01\/Tableau-de-bord-Mustang-1969-300x194.jpg 300w, https:\/\/vinsetvintage.fr\/wp-content\/uploads\/2022\/01\/Tableau-de-bord-Mustang-1969-1024x661.jpg 1024w, https:\/\/vinsetvintage.fr\/wp-content\/uploads\/2022\/01\/Tableau-de-bord-Mustang-1969-768x496.jpg 768w, https:\/\/vinsetvintage.fr\/wp-content\/uploads\/2022\/01\/Tableau-de-bord-Mustang-1969-1536x992.jpg 1536w, https:\/\/vinsetvintage.fr\/wp-content\/uploads\/2022\/01\/Tableau-de-bord-Mustang-1969-1320x853.jpg 1320w\" sizes=\"(max-width: 1920px) 100vw, 1920px\" \/><figcaption id=\"caption-attachment-9419\" class=\"wp-caption-text\">En 1969, apparait une troisi\u00e8me version de tableau de bord \u00e0 2 coques s\u00e9par\u00e9es et faux bois.<\/figcaption><\/figure>\n<p>Quarante cinq hectares sur la petite appellation Saint-Georges-Saint-Emilion repris en copropri\u00e9t\u00e9 en 2013 pour hisser le vin de ce vignoble au niveau des nectars de l\u2019appellation. Un bijou. Comme sa belle am\u00e9ricaine qu\u2019il n\u2019a pas choisi par hasard. \u00ab C\u2019est une version 1969-70, comme mon ann\u00e9e de naissance ! La derni\u00e8re belle Mustang rac\u00e9e avant qu\u2019elle ne prenne de l\u2019embonpoint en devenant une \u00ab Muscle car \u00bb roulant des m\u00e9caniques. \u00bb Une course \u00e0 la puissance avec ses rivales de General Motors qui se traduira par un capot de plus en plus volumineux pour accueillir de monstrueux V8.<\/p>\n<figure id=\"attachment_9416\" aria-describedby=\"caption-attachment-9416\" style=\"width: 1920px\" class=\"wp-caption aligncenter\"><img loading=\"lazy\" class=\"wp-image-9416 size-full\" src=\"https:\/\/vinsetvintage.fr\/wp-content\/uploads\/2022\/01\/Mustang-34-AR.jpg\" alt=\" 3\/4 AR\" width=\"1920\" height=\"896\" srcset=\"https:\/\/vinsetvintage.fr\/wp-content\/uploads\/2022\/01\/Mustang-34-AR.jpg 1920w, https:\/\/vinsetvintage.fr\/wp-content\/uploads\/2022\/01\/Mustang-34-AR-300x140.jpg 300w, https:\/\/vinsetvintage.fr\/wp-content\/uploads\/2022\/01\/Mustang-34-AR-1024x478.jpg 1024w, https:\/\/vinsetvintage.fr\/wp-content\/uploads\/2022\/01\/Mustang-34-AR-768x358.jpg 768w, https:\/\/vinsetvintage.fr\/wp-content\/uploads\/2022\/01\/Mustang-34-AR-1536x717.jpg 1536w, https:\/\/vinsetvintage.fr\/wp-content\/uploads\/2022\/01\/Mustang-34-AR-1320x616.jpg 1320w\" sizes=\"(max-width: 1920px) 100vw, 1920px\" \/><figcaption id=\"caption-attachment-9416\" class=\"wp-caption-text\">La silhouette s&rsquo;est alourdie par rapport aux premi\u00e8res Mustang de 1965.<\/figcaption><\/figure>\n<p>Plus rien \u00e0 voir avec l\u2019\u00e9l\u00e9gance de la premi\u00e8re Mustang apparue en 1964 qui lui vaudra un succ\u00e8s foudroyant : 1 million de ventes en 18 mois. Pulv\u00e9ris\u00e9es les pr\u00e9visions initiales qui tablaient sur 100 000 exemplaires la premi\u00e8re ann\u00e9e ! Au total, il s\u2019en vendra pas loin de 3 millions jusqu\u2019en 1973.Le secret de cette voiture ph\u00e9nom\u00e8ne ? Un mod\u00e8le, coup\u00e9 ou cabriolet, bon march\u00e9, bas\u00e9 sur des organes de grande s\u00e9rie, du 6 cylindres en ligne 3 l de 120 ch pour les plus fauch\u00e9s, au gros V8 4,7 l de 220 ch et des options \u00e0 la pelle pour la personnaliser.<\/p>\n<figure id=\"attachment_9415\" aria-describedby=\"caption-attachment-9415\" style=\"width: 1920px\" class=\"wp-caption aligncenter\"><img loading=\"lazy\" class=\"wp-image-9415 size-full\" src=\"https:\/\/vinsetvintage.fr\/wp-content\/uploads\/2022\/01\/Ford-Mustang-capote\u0301e.jpg\" alt=\"Ford Mustang 69 capote\u0301e\" width=\"1920\" height=\"867\" srcset=\"https:\/\/vinsetvintage.fr\/wp-content\/uploads\/2022\/01\/Ford-Mustang-capote\u0301e.jpg 1920w, https:\/\/vinsetvintage.fr\/wp-content\/uploads\/2022\/01\/Ford-Mustang-capote\u0301e-300x135.jpg 300w, https:\/\/vinsetvintage.fr\/wp-content\/uploads\/2022\/01\/Ford-Mustang-capote\u0301e-1024x462.jpg 1024w, https:\/\/vinsetvintage.fr\/wp-content\/uploads\/2022\/01\/Ford-Mustang-capote\u0301e-768x347.jpg 768w, https:\/\/vinsetvintage.fr\/wp-content\/uploads\/2022\/01\/Ford-Mustang-capote\u0301e-1536x694.jpg 1536w, https:\/\/vinsetvintage.fr\/wp-content\/uploads\/2022\/01\/Ford-Mustang-capote\u0301e-1320x596.jpg 1320w\" sizes=\"(max-width: 1920px) 100vw, 1920px\" \/><figcaption id=\"caption-attachment-9415\" class=\"wp-caption-text\">Un look plus agressif en 1969 avec un capot plus long et une calandre b\u00e9ante.<\/figcaption><\/figure>\n<p>Un \u201cbeaulide\u201d bard\u00e9 de chromes et au capot relev\u00e9 vers l\u2019avant qui donne l\u2019impression d\u2019une voiture en pleine acc\u00e9l\u00e9ration m\u00eame \u00e0 l\u2019arr\u00eat. Autant d\u2019atouts qui s\u00e9duisent la jeunesse am\u00e9ricaine enivr\u00e9 au rock and roll et au Coca cola pour envoyer au diable l\u2019Am\u00e9rique de papa. En 1967, la Mustang s\u2019offre un petit lifting avec une nouvelle planche de bord et une calandre plus volumineuse qui cache un V8 de 6,4 l 320ch. Mais en 1968, General Motors, qui veut aussi sa part du g\u00e2teau, d\u00e9clare la guerre \u00e0 Ford : sa superbe <a href=\"https:\/\/vinsetvintage.fr\/index.php\/2021\/03\/11\/corvette-une-legende-de-lamerique\/\">Chevrolet<\/a> Camaro, va faire plonger les ventes de la Mustang.<\/p>\n<figure id=\"attachment_9422\" aria-describedby=\"caption-attachment-9422\" style=\"width: 1920px\" class=\"wp-caption aligncenter\"><img loading=\"lazy\" class=\"wp-image-9422 size-full\" src=\"https:\/\/vinsetvintage.fr\/wp-content\/uploads\/2022\/01\/P1090894-copie.jpg\" alt=\"Profil 1969\" width=\"1920\" height=\"732\" srcset=\"https:\/\/vinsetvintage.fr\/wp-content\/uploads\/2022\/01\/P1090894-copie.jpg 1920w, https:\/\/vinsetvintage.fr\/wp-content\/uploads\/2022\/01\/P1090894-copie-300x114.jpg 300w, https:\/\/vinsetvintage.fr\/wp-content\/uploads\/2022\/01\/P1090894-copie-1024x390.jpg 1024w, https:\/\/vinsetvintage.fr\/wp-content\/uploads\/2022\/01\/P1090894-copie-768x293.jpg 768w, https:\/\/vinsetvintage.fr\/wp-content\/uploads\/2022\/01\/P1090894-copie-1536x586.jpg 1536w, https:\/\/vinsetvintage.fr\/wp-content\/uploads\/2022\/01\/P1090894-copie-1320x503.jpg 1320w\" sizes=\"(max-width: 1920px) 100vw, 1920px\" \/><figcaption id=\"caption-attachment-9422\" class=\"wp-caption-text\">En 69, elle montre son augmentation de puissance avec 15 cm de plus en longueur.<\/figcaption><\/figure>\n<p>Du coup, branlebas le combat chez Ford. La Mustang de 1969, celle de Jean-Philippe Janoueix, change ses mensurations : +15 cm en longueur et + 11 cm de carrure. \u00a0Plus galb\u00e9e, elle gonfle ses muscles et arbore un faci\u00e8s agressif avec une calandre b\u00e9ante pour mieux d\u00e9vorer sa rivale. Au nouveau V8 5,7 l de 250 ou 290 ch de faire le job. \u00ab C\u2019est puissant et onctueux \u00bb appr\u00e9cie Jean-Philippe Janoueix, sans se d\u00e9partir de son vocabulaire vigneron comme on lui en fait la remarquer \u00ab\u00a0Normal, dit il. Il y a des points communs entre le vin et une belle voiture ancienne o\u00f9 l\u2019on parle aussi de robe, de belle allonge, de plaisir et de partage, comme j&rsquo;ai pu le faire en emmenant \u00e0 bord mes enfants et mes amis.\u00a0\u00bb<\/p>\n<p><img loading=\"lazy\" class=\"aligncenter wp-image-9423\" src=\"https:\/\/vinsetvintage.fr\/wp-content\/uploads\/2022\/01\/P1090933-copie.jpg\" alt=\"\" width=\"468\" height=\"159\" srcset=\"https:\/\/vinsetvintage.fr\/wp-content\/uploads\/2022\/01\/P1090933-copie.jpg 1825w, https:\/\/vinsetvintage.fr\/wp-content\/uploads\/2022\/01\/P1090933-copie-300x102.jpg 300w, https:\/\/vinsetvintage.fr\/wp-content\/uploads\/2022\/01\/P1090933-copie-1024x347.jpg 1024w, https:\/\/vinsetvintage.fr\/wp-content\/uploads\/2022\/01\/P1090933-copie-768x260.jpg 768w, https:\/\/vinsetvintage.fr\/wp-content\/uploads\/2022\/01\/P1090933-copie-1536x521.jpg 1536w, https:\/\/vinsetvintage.fr\/wp-content\/uploads\/2022\/01\/P1090933-copie-1320x448.jpg 1320w\" sizes=\"(max-width: 468px) 100vw, 468px\" \/><\/p>\n<h4><span style=\"color: #993366;\">LA M\u00caME MARQUE AUJOURD&rsquo;HUI<\/span><\/h4>\n<p><em>LA NOUVELLE FORD MUSTANG V8 GT CABRIOLET<br \/>\n<\/em><\/p>\n<figure id=\"attachment_9842\" aria-describedby=\"caption-attachment-9842\" style=\"width: 1920px\" class=\"wp-caption aligncenter\"><img loading=\"lazy\" class=\"size-full wp-image-9842\" src=\"https:\/\/vinsetvintage.fr\/wp-content\/uploads\/2022\/05\/Cabriolet-Mustang-V8-GT.jpg\" alt=\"Cabriolet Mustang V8 GT\" width=\"1920\" height=\"1026\" srcset=\"https:\/\/vinsetvintage.fr\/wp-content\/uploads\/2022\/05\/Cabriolet-Mustang-V8-GT.jpg 1920w, https:\/\/vinsetvintage.fr\/wp-content\/uploads\/2022\/05\/Cabriolet-Mustang-V8-GT-300x160.jpg 300w, https:\/\/vinsetvintage.fr\/wp-content\/uploads\/2022\/05\/Cabriolet-Mustang-V8-GT-1024x547.jpg 1024w, https:\/\/vinsetvintage.fr\/wp-content\/uploads\/2022\/05\/Cabriolet-Mustang-V8-GT-768x410.jpg 768w, https:\/\/vinsetvintage.fr\/wp-content\/uploads\/2022\/05\/Cabriolet-Mustang-V8-GT-1536x821.jpg 1536w, https:\/\/vinsetvintage.fr\/wp-content\/uploads\/2022\/05\/Cabriolet-Mustang-V8-GT-100x53.jpg 100w, https:\/\/vinsetvintage.fr\/wp-content\/uploads\/2022\/05\/Cabriolet-Mustang-V8-GT-340x182.jpg 340w, https:\/\/vinsetvintage.fr\/wp-content\/uploads\/2022\/05\/Cabriolet-Mustang-V8-GT-360x192.jpg 360w, https:\/\/vinsetvintage.fr\/wp-content\/uploads\/2022\/05\/Cabriolet-Mustang-V8-GT-744x398.jpg 744w, https:\/\/vinsetvintage.fr\/wp-content\/uploads\/2022\/05\/Cabriolet-Mustang-V8-GT-770x410.jpg 770w, https:\/\/vinsetvintage.fr\/wp-content\/uploads\/2022\/05\/Cabriolet-Mustang-V8-GT-1110x593.jpg 1110w, https:\/\/vinsetvintage.fr\/wp-content\/uploads\/2022\/05\/Cabriolet-Mustang-V8-GT-1320x705.jpg 1320w\" sizes=\"(max-width: 1920px) 100vw, 1920px\" \/><figcaption id=\"caption-attachment-9842\" class=\"wp-caption-text\">Avec sa calandre b\u00e9ante, elle est plus agressive et \u00e9l\u00e9gante en m\u00eame temps avec le regard ac\u00e9r\u00e9 de ses phares.<\/figcaption><\/figure>\n<p>Derni\u00e8re survivance d&rsquo;un pass\u00e9 prestigieux aujourd&rsquo;hui menac\u00e9 par les oukazes \u00e9cologiques contre les rejets de CO2 des gros moteurs, la derni\u00e8re Mustang V8 GT cabriolet offre des plaisirs cheveux au vent tr\u00e8s d\u00e9coiffants avec son V8 de 5 litres aux 450 chevaux aux acc\u00e9l\u00e9rations puissantes et tout en souplesse \u00e0 la fois..<a href=\"https:\/\/vinsetvintage.fr\/index.php\/2022\/07\/19\/la-derniere-mustang-v8-gt-fait-de-la-resistance\/\">.lire la suite<\/a><\/p>\n<h4><span style=\"color: #993366;\">OENOTOURISME<\/span><\/h4>\n<p><em>\u00a0<u>\u00a0 \u00a0 \u00a0 \u00a0 \u00a0 \u00a0 \u00a0 \u00a0 \u00a0 \u00a0 \u00a0 \u00a0 \u00a0 \u00a0 \u00a0 \u00a0 \u00a0 \u00a0 \u00a0 \u00a0 \u00a0 \u00a0 \u00a0 \u00a0 \u00a0 \u00a0 \u00a0 \u00a0 \u00a0 \u00a0 \u00a0 \u00a0 \u00a0\u00a0\u00a0\u00a0\u00a0\u00a0\u00a0\u00a0 MES VINS PR\u00c9F\u00c9R\u00c9S<br \/>\n<\/u><\/em><\/p>\n<p><strong>Chateau St.Georges 2018\u00a0 <\/strong>Sur la petite appellation Saint-Georges-Saint-Emilion (192 ha par rapport au 5700 ha de Saint-Emilion) les 45 ha de ce vignoble sur un coteau argilo-calcaire plein sud offrent un vin de 14,5 \u00b0 dense, puissant avec ses 80% de Merlot, <img loading=\"lazy\" class=\"alignleft wp-image-9925\" src=\"https:\/\/vinsetvintage.fr\/wp-content\/uploads\/2022\/05\/csg-2018-genet.jpg\" alt=\"\" width=\"252\" height=\"201\" srcset=\"https:\/\/vinsetvintage.fr\/wp-content\/uploads\/2022\/05\/csg-2018-genet.jpg 1405w, https:\/\/vinsetvintage.fr\/wp-content\/uploads\/2022\/05\/csg-2018-genet-300x239.jpg 300w, https:\/\/vinsetvintage.fr\/wp-content\/uploads\/2022\/05\/csg-2018-genet-1024x816.jpg 1024w, https:\/\/vinsetvintage.fr\/wp-content\/uploads\/2022\/05\/csg-2018-genet-768x612.jpg 768w, https:\/\/vinsetvintage.fr\/wp-content\/uploads\/2022\/05\/csg-2018-genet-1320x1052.jpg 1320w\" sizes=\"(max-width: 252px) 100vw, 252px\" \/>et \u00e9quilibr\u00e9 au nez par la fraicheur d&rsquo;une complexit\u00e9 aromatique de fruits rouges sur des notes poivr\u00e9es et toast\u00e9es qu&rsquo;on retrouve dans une bouche ample sur des tannins gras. Et les 12 \u00e0 14 mois d&rsquo;\u00e9levage en barrique donnent une subtile trame bois\u00e9e laissant s&rsquo;\u00e9panouir son abondant fruit\u00e9. (27\u20ac par 12 bouteilles)<strong><br \/>\n<\/strong><\/p>\n<p><strong>Ch\u00e2teau St.Georges 2016<\/strong> La comparaison est int\u00e9ressante avec ce grand mill\u00e9sime floral et min\u00e9ral au degr\u00e9 d&rsquo;alcool plus bas \u00e0 13,5\u00b0, de moins en moins courant\u00a0 avec le r\u00e9chauffement climatique, qui met davantage en valeur la richesse de son bouquet et sa complexit\u00e9 aromatique de fruits noirs et d&rsquo;\u00e9pices sur un bois\u00e9 raffin\u00e9 et des tannins tout en rondeur. (28 \u20ac par 12 bouteilles)<\/p>\n<p>_<em><u>\u00a0 \u00a0 \u00a0 \u00a0 \u00a0 \u00a0 \u00a0 \u00a0 \u00a0 \u00a0 \u00a0 \u00a0 \u00a0 \u00a0 \u00a0 \u00a0 \u00a0 \u00a0 \u00a0 \u00a0 \u00a0 \u00a0 \u00a0 \u00a0 \u00a0 \u00a0 \u00a0 \u00a0 \u00a0 \u00a0 \u00a0 \u00a0 PROFITEZ EN POUR VISITER\u2026<\/u><\/em><\/p>\n<p>*<strong><u>SAINT-EMILION<\/u><\/strong><\/p>\n<p>Le plus beau, et le plus r\u00e9put\u00e9 village du Bordelais.<\/p>\n<p>*Accroch\u00e9 sur sa colline, au milieu d\u2019un oc\u00e9an de vignes, tel un fier navire dont le mat domine l\u2019horizon : la fl\u00e8che du clocher de 4500 tonnes b\u00e2ti au dessus de l\u2019 <strong>\u00e9glise monolithe la plus vaste d\u2019Europe.<\/strong> Avec ses 38 m de long et 20 m de large, elle a \u00e9t\u00e9 taill\u00e9e dans le rocher\u00a0pendant 40 ans au XI \u00e8me si\u00e8cle . Mais ses voutes de 11 m de hauteur sont moins \u00e9lev\u00e9es que celles de l\u2019\u00e9glise souterraine d\u2019Aubeterre-sur-Dronne (20 m) en Charente. Grimper les 196 marches du clocher offre en r\u00e9compense des efforts un magnifique panorama sur la cit\u00e9 et son vignoble.<\/p>\n<figure id=\"attachment_2600\" aria-describedby=\"caption-attachment-2600\" style=\"width: 1280px\" class=\"wp-caption alignleft\"><img loading=\"lazy\" class=\"size-full wp-image-2600\" src=\"https:\/\/vinsetvintage.fr\/wp-content\/uploads\/2017\/10\/CITE-NUIT_S-LE-CLECH_HD-12-copie.jpg\" alt=\"Le clocher au dessus de l'\u00e9glise troglodyte (photo Le Clech)\" width=\"1280\" height=\"853\" srcset=\"https:\/\/vinsetvintage.fr\/wp-content\/uploads\/2017\/10\/CITE-NUIT_S-LE-CLECH_HD-12-copie.jpg 1280w, https:\/\/vinsetvintage.fr\/wp-content\/uploads\/2017\/10\/CITE-NUIT_S-LE-CLECH_HD-12-copie-300x200.jpg 300w, https:\/\/vinsetvintage.fr\/wp-content\/uploads\/2017\/10\/CITE-NUIT_S-LE-CLECH_HD-12-copie-768x512.jpg 768w, https:\/\/vinsetvintage.fr\/wp-content\/uploads\/2017\/10\/CITE-NUIT_S-LE-CLECH_HD-12-copie-1024x682.jpg 1024w, https:\/\/vinsetvintage.fr\/wp-content\/uploads\/2017\/10\/CITE-NUIT_S-LE-CLECH_HD-12-copie-1140x760.jpg 1140w, https:\/\/vinsetvintage.fr\/wp-content\/uploads\/2017\/10\/CITE-NUIT_S-LE-CLECH_HD-12-copie-900x600.jpg 900w, https:\/\/vinsetvintage.fr\/wp-content\/uploads\/2017\/10\/CITE-NUIT_S-LE-CLECH_HD-12-copie-600x400.jpg 600w\" sizes=\"(max-width: 1280px) 100vw, 1280px\" \/><figcaption id=\"caption-attachment-2600\" class=\"wp-caption-text\">Le clocher embl\u00e9matique de Saint-Emilion au dessus de l&rsquo;\u00e9glise troglodyte (photo S.Le Clech)<\/figcaption><\/figure>\n<p>*<strong>La tour du Roy<\/strong> , donjon carr\u00e9 du XIII \u00e8me qui offre aussi en compl\u00e9ment une belle vue sur le village dans le sens oppos\u00e9 de celle du clocher<\/p>\n<p>*<strong>L\u2019ancienne \u00e9glise des Cordeliers<\/strong> et son cloitre . Le troisi\u00e8me beau point de vue sur St-Emilion o\u00f9 l\u2019on voit \u00e0 la fois le donjon et le clocher de l\u2019\u00e9glise troglodyte<\/p>\n<p>*<strong>La porte de la Cad\u00e8ne<\/strong>, spectaculaire avec sa voute en ogive entre une immense tour carr\u00e9e et un b\u00e2timent gothique. Elle jouxte la derni\u00e8re maison \u00e0 pans de bois du village. La porte de la Cad\u00e8ne, qui n\u2019a rien \u00e0 voir avec celles des fortifications, \u00e9tait inclue dans la cit\u00e9. Son nom viendrait du gascon \u201ccadena\u201d signifiant la chaine qui la fermait en s\u00e9parant la population noble de la ville haute de celle plus modeste de la ville basse.<\/p>\n<figure id=\"attachment_2618\" aria-describedby=\"caption-attachment-2618\" style=\"width: 1632px\" class=\"wp-caption alignleft\"><img loading=\"lazy\" class=\"size-full wp-image-2618\" src=\"https:\/\/vinsetvintage.fr\/wp-content\/uploads\/2017\/10\/20170905_165900_resized-copie1-1.jpg\" alt=\"Vue depuis le clocher vers la chapelle des au dessus de la place du march\u00e9.\" width=\"1632\" height=\"918\" srcset=\"https:\/\/vinsetvintage.fr\/wp-content\/uploads\/2017\/10\/20170905_165900_resized-copie1-1.jpg 1632w, https:\/\/vinsetvintage.fr\/wp-content\/uploads\/2017\/10\/20170905_165900_resized-copie1-1-300x169.jpg 300w, https:\/\/vinsetvintage.fr\/wp-content\/uploads\/2017\/10\/20170905_165900_resized-copie1-1-768x432.jpg 768w, https:\/\/vinsetvintage.fr\/wp-content\/uploads\/2017\/10\/20170905_165900_resized-copie1-1-1024x576.jpg 1024w, https:\/\/vinsetvintage.fr\/wp-content\/uploads\/2017\/10\/20170905_165900_resized-copie1-1-1140x641.jpg 1140w\" sizes=\"(max-width: 1632px) 100vw, 1632px\" \/><figcaption id=\"caption-attachment-2618\" class=\"wp-caption-text\">Vue sur la place du march\u00e9 de Saint-Emilion depuis le clocher, face \u00e0 l&rsquo;\u00e9glise des Cordeliers.<\/figcaption><\/figure>\n<p>*<strong>L\u2019\u00e9glise coll\u00e9giale et son clo\u00eetre<\/strong>. B\u00e2tie entre le XII \u00e8me et le XV \u00e8me elle est une des plus imposantes de Gironde. Styles roman et gothique cohabitent jusque dans le magnifique clo\u00eetre \u00e0 double colonnades torsad\u00e9es.<\/p>\n<p>*<strong>Les anciennes halles au grain<\/strong> sur la place du march\u00e9 o\u00f9 convergent toutes les ruelles de Saint- Emilion dont la fameuse en pente, le Tertre de la tente, avec son pavage chaotique.<\/p>\n<p>*<strong>Les catacombes<\/strong> et leur n\u00e9cropole avec \u00e0 l\u2019entr\u00e9e une \u00e9trange coupole \u00e0 double paroi dans laquelle grimpait un escalier . Autre curiosit\u00e9 : la grotte ermitage o\u00f9 v\u00e9cut au VIII \u00e8me si\u00e8cle St Emilion, le moine breton fondateur de la cit\u00e9, et connu pour ses miracles. Un culte se d\u00e9veloppa autour de sa v\u00e9n\u00e9ration avec la cr\u00e9ation de nombreux monast\u00e8res qui accueillaient aussi les p\u00e8lerins de St Jacques de Compostelle.<\/p>\n<figure id=\"attachment_2622\" aria-describedby=\"caption-attachment-2622\" style=\"width: 321px\" class=\"wp-caption alignleft\"><img loading=\"lazy\" class=\" wp-image-2622\" src=\"https:\/\/vinsetvintage.fr\/wp-content\/uploads\/2017\/10\/20170905_184113_resized-copie1.jpg\" alt=\"La porte Cad\u00e8ne en haut de Saint Emilion\" width=\"321\" height=\"571\" srcset=\"https:\/\/vinsetvintage.fr\/wp-content\/uploads\/2017\/10\/20170905_184113_resized-copie1.jpg 918w, https:\/\/vinsetvintage.fr\/wp-content\/uploads\/2017\/10\/20170905_184113_resized-copie1-169x300.jpg 169w, https:\/\/vinsetvintage.fr\/wp-content\/uploads\/2017\/10\/20170905_184113_resized-copie1-768x1365.jpg 768w, https:\/\/vinsetvintage.fr\/wp-content\/uploads\/2017\/10\/20170905_184113_resized-copie1-576x1024.jpg 576w\" sizes=\"(max-width: 321px) 100vw, 321px\" \/><figcaption id=\"caption-attachment-2622\" class=\"wp-caption-text\">La porte de la Cad\u00e8ne en haut de la cit\u00e9<\/figcaption><\/figure>\n<p>*<em>Dans les environs de Saint-Emilion : <\/em><\/p>\n<p><em>\u00a0<\/em>*Les deux ch\u00e2teaux forts de <strong>Puisseguin<\/strong><\/p>\n<p>*L\u2019imposant <strong>ch\u00e2teau de Castegens<\/strong> \u00e0 Belv\u00e8s-de-Castillon o\u00f9 se joue chaque ann\u00e9e le spectacle rem\u00e9morant la bataille de Castillon qui marqua la fin de la guerre de Cent Ans contre les Anglais.<\/p>\n<p>*L\u2019\u00e9glise <strong>Notre-Dame de Tayac<\/strong>, bel exemple d\u2019architecture romane qui surplombe les \u00e9tendues de vignes.<\/p>\n<p>*<strong>Montagne et ses moulins<\/strong><\/p>\n<p><strong>\u00a0<\/strong>*<strong>Saint Hippolyte<\/strong> Sur le plateau de Ferrand dominant les vignes se trouve un ch\u00e2teau du XVII \u00e8me et <strong>des grottes<\/strong> am\u00e9nag\u00e9es dans des anciennes carri\u00e8res monumentales.<\/p>\n<p>*<strong>Saint-Sulpice-de-Faleyrens<\/strong>, t\u00e9moin d\u2019un lointain pass\u00e9, en plus de son \u00e9glise romane, c\u2019est l\u00e0 que se trouvait en bord de Dordogne le port de St-Emilion, dit de pierrefitte, du nom d\u2019un <strong>menhir de 5 m\u00e8tres<\/strong> de haut qui s\u2019y dresse encore.<\/p>\n<p>*<strong>St Michel-de-Montaigne<\/strong>, \u00e0 20 km de St-Emilion. Du ch\u00e2teau du c\u00e9l\u00e8bre philosophe reste la tour du XIV \u00e8me o\u00f9 il trouvait l\u2019inspiration pour \u00e9crire. Reconstruit au XIX \u00e8me le ch\u00e2teau, tr\u00e8s marqu\u00e9 Viollet-Le-Duc, poss\u00e8de une architecture originale avec un m\u00e9lange de styles m\u00e9di\u00e9val, Renaissance et n\u00e9o-gothique<\/p>\n<p><strong><u>LIBOURNE et environs<\/u><\/strong><\/p>\n<p><strong><u>\u00a0<\/u><\/strong>*Construite comme toutes les bastides du Moyen-Age sur le mod\u00e8le \u00e0 l\u2019\u00e9querre des camps romains, l\u2019ancienne <strong>place Royale<\/strong> de Libourne bord\u00e9e d\u2019arcades est le point central de la ville o\u00f9 se tient depuis 600 ans le march\u00e9 le plus prestigieux de la r\u00e9gion le mardi, le vendredi, et le dimanche.<\/p>\n<figure id=\"attachment_2605\" aria-describedby=\"caption-attachment-2605\" style=\"width: 1280px\" class=\"wp-caption alignleft\"><img loading=\"lazy\" class=\"size-full wp-image-2605\" src=\"https:\/\/vinsetvintage.fr\/wp-content\/uploads\/2017\/10\/Libourne-MarchC\u0327_Steve-Le-Clech-IMG_1600-copie.jpg\" alt=\"La Grande place du march\u00e9 de Libourne (Photo le Clech)\" width=\"1280\" height=\"709\" srcset=\"https:\/\/vinsetvintage.fr\/wp-content\/uploads\/2017\/10\/Libourne-MarchC\u0327_Steve-Le-Clech-IMG_1600-copie.jpg 1280w, https:\/\/vinsetvintage.fr\/wp-content\/uploads\/2017\/10\/Libourne-MarchC\u0327_Steve-Le-Clech-IMG_1600-copie-300x166.jpg 300w, https:\/\/vinsetvintage.fr\/wp-content\/uploads\/2017\/10\/Libourne-MarchC\u0327_Steve-Le-Clech-IMG_1600-copie-768x425.jpg 768w, https:\/\/vinsetvintage.fr\/wp-content\/uploads\/2017\/10\/Libourne-MarchC\u0327_Steve-Le-Clech-IMG_1600-copie-1024x567.jpg 1024w, https:\/\/vinsetvintage.fr\/wp-content\/uploads\/2017\/10\/Libourne-MarchC\u0327_Steve-Le-Clech-IMG_1600-copie-1140x631.jpg 1140w\" sizes=\"(max-width: 1280px) 100vw, 1280px\" \/><figcaption id=\"caption-attachment-2605\" class=\"wp-caption-text\">La Grande place du march\u00e9 de Libourne entour\u00e9e d&rsquo;arcades (Photo S. Le Clech)<\/figcaption><\/figure>\n<p>*L\u2019<strong>H\u00f4tel de ville<\/strong>, et son beffroi du XV \u00e8me, remani\u00e9 dans un style n\u00e9o-gothique. Belle cour int\u00e9rieure<\/p>\n<p>*<strong>Le mus\u00e9e des Beaux-Arts<\/strong> avec ses collections de Rodin, Princeteau ou Jordaens au deuxi\u00e8me \u00e9tage de l\u2019H\u00f4tel de ville<\/p>\n<p>*<strong>La tour Richard et la tour Barr\u00e9e<\/strong>, vestige des anciennes fortifications en bordure des quais<\/p>\n<figure id=\"attachment_2604\" aria-describedby=\"caption-attachment-2604\" style=\"width: 1024px\" class=\"wp-caption alignleft\"><img loading=\"lazy\" class=\"size-full wp-image-2604\" src=\"https:\/\/vinsetvintage.fr\/wp-content\/uploads\/2017\/10\/Libourne-ESOG-Steve-Le-Clech-escaliers-IMG_7291-copie.jpg\" alt=\"Le grand escalier de l'ancienne caserne Proteau (Photo Le Clech)\" width=\"1024\" height=\"683\" srcset=\"https:\/\/vinsetvintage.fr\/wp-content\/uploads\/2017\/10\/Libourne-ESOG-Steve-Le-Clech-escaliers-IMG_7291-copie.jpg 1024w, https:\/\/vinsetvintage.fr\/wp-content\/uploads\/2017\/10\/Libourne-ESOG-Steve-Le-Clech-escaliers-IMG_7291-copie-300x200.jpg 300w, https:\/\/vinsetvintage.fr\/wp-content\/uploads\/2017\/10\/Libourne-ESOG-Steve-Le-Clech-escaliers-IMG_7291-copie-768x512.jpg 768w, https:\/\/vinsetvintage.fr\/wp-content\/uploads\/2017\/10\/Libourne-ESOG-Steve-Le-Clech-escaliers-IMG_7291-copie-900x600.jpg 900w, https:\/\/vinsetvintage.fr\/wp-content\/uploads\/2017\/10\/Libourne-ESOG-Steve-Le-Clech-escaliers-IMG_7291-copie-600x400.jpg 600w\" sizes=\"(max-width: 1024px) 100vw, 1024px\" \/><figcaption id=\"caption-attachment-2604\" class=\"wp-caption-text\">Le grand escalier de l&rsquo;ancienne caserne Proteau \u00e0 Libourne. (Photo S. Le Clech)<\/figcaption><\/figure>\n<p>*<strong>La chapelle Notre-Dame-de-Condat<\/strong>. Seul vestige du ch\u00e2teau de Condat, sa nef unique gothique pr\u00e9sente une particularit\u00e9 : la pr\u00e9sence \u00e0 Bordeaux de Viollet-Le-Duc a permis de la rev\u00eatir des m\u00eames peintures que celles de la Sainte Chapelle \u00e0 Paris !<\/p>\n<p>*<strong>La caserne Proteau<\/strong>, ex \u00e9cole de gendarmerie, et son splendide grand escalier de pierre. Les b\u00e2timents vont \u00eatre transform\u00e9s en h\u00f4tel de luxe.<\/p>\n<p>*<strong>Abzac<\/strong>, son <strong>ch\u00e2teau XVII \u00e8me<\/strong> \u00e0 l\u2019imposante cour carr\u00e9e entour\u00e9e de cinq b\u00e2timents \u00e0 toiture p\u00e9rigourdine s\u2019ouvre sur son vignoble. Et la terrasse du ch\u00e2teau domine la rivi\u00e8re avec \u00e0 ses pieds un imposant <strong>moulin barrage du XVIII\u00e8me.<\/strong><\/p>\n<figure id=\"attachment_2602\" aria-describedby=\"caption-attachment-2602\" style=\"width: 1280px\" class=\"wp-caption alignleft\"><img loading=\"lazy\" class=\"size-full wp-image-2602\" src=\"https:\/\/vinsetvintage.fr\/wp-content\/uploads\/2017\/10\/fac\u0327ade-Dordogne-sept-2016-2-copie.jpg\" alt=\"Le parc en terrasses du ch\u00e2teau de Vayres qui domine la Dordogne. \" width=\"1280\" height=\"726\" srcset=\"https:\/\/vinsetvintage.fr\/wp-content\/uploads\/2017\/10\/fac\u0327ade-Dordogne-sept-2016-2-copie.jpg 1280w, https:\/\/vinsetvintage.fr\/wp-content\/uploads\/2017\/10\/fac\u0327ade-Dordogne-sept-2016-2-copie-300x170.jpg 300w, https:\/\/vinsetvintage.fr\/wp-content\/uploads\/2017\/10\/fac\u0327ade-Dordogne-sept-2016-2-copie-768x436.jpg 768w, https:\/\/vinsetvintage.fr\/wp-content\/uploads\/2017\/10\/fac\u0327ade-Dordogne-sept-2016-2-copie-1024x581.jpg 1024w, https:\/\/vinsetvintage.fr\/wp-content\/uploads\/2017\/10\/fac\u0327ade-Dordogne-sept-2016-2-copie-1140x647.jpg 1140w\" sizes=\"(max-width: 1280px) 100vw, 1280px\" \/><figcaption id=\"caption-attachment-2602\" class=\"wp-caption-text\">Le parc en terrasses du ch\u00e2teau de Vayres qui domine la Dordogne.<\/figcaption><\/figure>\n<p>*<strong>Le ch\u00e2teau de Vayres<\/strong>, un des plus beaux monuments d\u2019Aquitaine, est un balcon sur la Dordogne avec ses jardins \u00e0 la fran\u00e7aise, qui descendent jusqu\u2019au bord du fleuve. Son architecture conjugue harmonieusement Moyen Age, Renaissance et classicisme du XVII \u00e8me.<\/p>\n<p>*<strong>Le Moulin de Porch\u00e8res<\/strong> Construit en pierres de taille en 1850 dans un cadre bucolique sur l\u2019Isle qui se jette \u00e0 Libourne dans la Dordogne, il est un des derniers moulins \u00e0 avoir conserv\u00e9 toutes ses machines de minoterie.<\/p>\n<p>*<strong>Guitres<\/strong> A voir, <strong>l\u2019abbatiale romane Notre-Dame ,<\/strong> perch\u00e9e sur son rocher surplombant la vall\u00e9e de l\u2019Isle, est une des plus grandes de Gironde. Elle surprend par ses dimensions et sa charpente du XV \u00e8me en forme de coque de bateau renvers\u00e9e. Autre d\u00e9tour qui vaut la peine : la gare-mus\u00e9e construite en 1875 d\u2019o\u00f9 part encore pour une promenade en for\u00eat un <strong>vieux train \u00e0 vapeur<\/strong> avec des wagons de 1900 aux banquettes en bois.<img loading=\"lazy\" class=\"alignleft size-full wp-image-2603\" src=\"https:\/\/vinsetvintage.fr\/wp-content\/uploads\/2017\/10\/Guitres-Train-touristique-CCordonatto-CATY1189-copie.jpg\" alt=\"Guitres-Train touristique-CCordonatto-CATY1189 - copie\" width=\"1024\" height=\"557\" srcset=\"https:\/\/vinsetvintage.fr\/wp-content\/uploads\/2017\/10\/Guitres-Train-touristique-CCordonatto-CATY1189-copie.jpg 1024w, https:\/\/vinsetvintage.fr\/wp-content\/uploads\/2017\/10\/Guitres-Train-touristique-CCordonatto-CATY1189-copie-300x163.jpg 300w, https:\/\/vinsetvintage.fr\/wp-content\/uploads\/2017\/10\/Guitres-Train-touristique-CCordonatto-CATY1189-copie-768x418.jpg 768w\" sizes=\"(max-width: 1024px) 100vw, 1024px\" \/><\/p>\n<p><em>\u00a0<\/em><\/p>\n<p><em>Publicit\u00e9<\/em><\/p>\n<h5>\u00a0\u00a0\u00a0\u00a0\u00a0\u00a0\u00a0\u00a0\u00a0\u00a0\u00a0\u00a0\u00a0\u00a0\u00a0\u00a0\u00a0\u00a0\u00a0\u00a0\u00a0\u00a0\u00a0\u00a0\u00a0\u00a0\u00a0\u00a0\u00a0\u00a0\u00a0\u00a0\u00a0\u00a0\u00a0\u00a0\u00a0\u00a0\u00a0 POUR UNE HALTE UN CHOIX S&rsquo;IMPOSE<\/h5>\n<p><img loading=\"lazy\" class=\"aligncenter\" src=\"https:\/\/vinsetvintage.fr\/wp-content\/uploads\/2023\/05\/LOGO-CHATEAU-FAGE.jpg\" width=\"294\" height=\"303\" \/><\/p>\n<p><img loading=\"lazy\" class=\"aligncenter size-full wp-image-10822\" src=\"https:\/\/vinsetvintage.fr\/wp-content\/uploads\/2023\/05\/ACCUEIL.jpg\" alt=\"\" width=\"1920\" height=\"1080\" srcset=\"https:\/\/vinsetvintage.fr\/wp-content\/uploads\/2023\/05\/ACCUEIL.jpg 1920w, https:\/\/vinsetvintage.fr\/wp-content\/uploads\/2023\/05\/ACCUEIL-300x169.jpg 300w, https:\/\/vinsetvintage.fr\/wp-content\/uploads\/2023\/05\/ACCUEIL-1024x576.jpg 1024w, https:\/\/vinsetvintage.fr\/wp-content\/uploads\/2023\/05\/ACCUEIL-768x432.jpg 768w, https:\/\/vinsetvintage.fr\/wp-content\/uploads\/2023\/05\/ACCUEIL-1536x864.jpg 1536w, https:\/\/vinsetvintage.fr\/wp-content\/uploads\/2023\/05\/ACCUEIL-1320x743.jpg 1320w\" sizes=\"(max-width: 1920px) 100vw, 1920px\" \/>Envie d\u2019une escapade en tout qui\u00e9tude au c\u0153ur d\u2019un domaine viticole confidentiel ? FAGE est le country break id\u00e9al. A deux pas de Bordeaux et de Saint-\u00c9milion, l\u2019h\u00f4tel 4* affili\u00e9 \u00ab Les Collectionneurs \u00bb, propose de r\u00eaver dans l\u2019une de ses 26 chambres tr\u00e8s cosy, en pleine nature. La tranquillit\u00e9 et la douceur de vivre sont assur\u00e9es dans cette maison de famille vigneronne. Jouxtant l\u2019\u00e9tablissement, le parking accueille votre automobile en toute s\u00e9curit\u00e9 (parking non ferm\u00e9 mais veilleur de nuit sur site).<\/p>\n<p>Le restaurant, bistronomique au d\u00e9jeuner et gastronomique au d\u00eener, et sa terrasse valent \u00e9galement le d\u00e9tour, o\u00f9 avec audace, l\u2019ultra saisonnalit\u00e9 et les produits locaux sont mis \u00e0 l\u2019honneur par le Chef Cl\u00e9ment COSTES. Au fil des heures, la maison se transforme selon vos envies et vous invite \u00e0 plonger dans le monde du vin et de la belle cuisine \u00e0 travers des moments de vie quotidiens immanquables : explorer une collection de d\u00e9gustations haute en couleurs avec Gustavo, vivre l\u2019instant FAGE, un ap\u00e9ro convivial et gourmand propos\u00e9 tous les jours \u00e0 nos clients de l\u2019h\u00f4tel, ou encore suivre les pas du vigneron et d\u00e9couvrir ce m\u00e9tier passion. FAGE marie avec \u00e9l\u00e9gance le confort et les services d\u2019un h\u00f4tel 4 \u00e9toiles, et l\u2019esprit authentique d\u2019une maison de famille vigneronne. Au plaisir de vous recevoir.<\/p>\n<p><a href=\"http:\/\/www.chateaufage.com\" data-saferedirecturl=\"https:\/\/www.google.com\/url?q=http:\/\/www.chateaufage.com&amp;source=gmail&amp;ust=1684413160224000&amp;usg=AOvVaw3rvhGJoryODAzC1tWNpDBZ\">www.chateaufage.com<\/a><\/p>\n<p>05 56 68 56 16<\/p>\n<p><a href=\"mailto:welcome@chateaufage.com\">welcome@chateaufage.com<\/a><\/p>\n<p>&nbsp;<\/p>\n","protected":false},"excerpt":{"rendered":"<p>En 1964, la Ford Mustang a \u00e9t\u00e9 un \u00e9v\u00e8nement plan\u00e9taire qui a fait exploser les ventes pendant des ann\u00e9es. Tout en changeant peu \u00e0 peu de look comme celle-ci de la troisi\u00e8me g\u00e9n\u00e9ration en 1969. CH\u00c2TEAU St.GEORGES \/Jean-Philippe Janoueix Quand on revient d\u2019un s\u00e9jour aux \u00c9tats-Unis, que ram\u00e8ne -t-on comme souvenir ? Pour Jean-Philippe Janoueix, &#8230;<\/p>\n","protected":false},"author":1,"featured_media":9414,"comment_status":"closed","ping_status":"closed","sticky":false,"template":"","format":"standard","meta":[],"categories":[4,527],"tags":[371,340,614,612,613],"yoast_head":"<!-- This site is optimized with the Yoast SEO plugin v16.2 - https:\/\/yoast.com\/wordpress\/plugins\/seo\/ -->\n<title>Ford Mustang grand cru de 1969 dans les vignes de Saint Emilion<\/title>\n<meta name=\"description\" content=\"Ford Mustang grand cru de 1969 dans les vignes de Saint Emilion chez jean-Philippe Janoueix du Ch\u00e2teau La Confession, un premier grand cru\" \/>\n<meta name=\"robots\" content=\"index, follow, max-snippet:-1, max-image-preview:large, max-video-preview:-1\" \/>\n<link rel=\"canonical\" href=\"https:\/\/vinsetvintage.fr\/index.php\/2022\/07\/19\/un-grand-cru-ford-mustang-a-saint-emilion\/\" \/>\n<meta property=\"og:locale\" content=\"fr_FR\" \/>\n<meta property=\"og:type\" content=\"article\" \/>\n<meta property=\"og:title\" content=\"Ford Mustang grand cru de 1969 dans les vignes de Saint Emilion\" \/>\n<meta property=\"og:description\" content=\"Ford Mustang grand cru de 1969 dans les vignes de Saint Emilion chez jean-Philippe Janoueix du Ch\u00e2teau La Confession, un premier grand cru\" \/>\n<meta property=\"og:url\" content=\"https:\/\/vinsetvintage.fr\/index.php\/2022\/07\/19\/un-grand-cru-ford-mustang-a-saint-emilion\/\" \/>\n<meta property=\"og:site_name\" content=\"Vins &amp; Vintage\" \/>\n<meta property=\"article:published_time\" content=\"2022-07-19T05:41:54+00:00\" \/>\n<meta property=\"article:modified_time\" content=\"2023-05-18T08:12:12+00:00\" \/>\n<meta property=\"og:image\" content=\"https:\/\/vinsetvintage.fr\/wp-content\/uploads\/2022\/01\/967-ko.jpg\" \/>\n\t<meta property=\"og:image:width\" content=\"1920\" \/>\n\t<meta property=\"og:image:height\" content=\"1026\" \/>\n<meta name=\"twitter:card\" content=\"summary\" \/>\n<meta name=\"twitter:label1\" content=\"Dur\u00e9e de lecture est.\">\n\t<meta name=\"twitter:data1\" content=\"13 minutes\">\n<script type=\"application\/ld+json\" class=\"yoast-schema-graph\">{\"@context\":\"https:\/\/schema.org\",\"@graph\":[{\"@type\":\"WebSite\",\"@id\":\"https:\/\/vinsetvintage.fr\/#website\",\"url\":\"https:\/\/vinsetvintage.fr\/\",\"name\":\"Vins &amp; Vintage\",\"description\":\"Le premier site des passionn\\u00e9s de voitures anciennes et de bons vins\",\"potentialAction\":[{\"@type\":\"SearchAction\",\"target\":\"https:\/\/vinsetvintage.fr\/?s={search_term_string}\",\"query-input\":\"required name=search_term_string\"}],\"inLanguage\":\"fr-FR\"},{\"@type\":\"ImageObject\",\"@id\":\"https:\/\/vinsetvintage.fr\/index.php\/2022\/07\/19\/un-grand-cru-ford-mustang-a-saint-emilion\/#primaryimage\",\"inLanguage\":\"fr-FR\",\"url\":\"https:\/\/vinsetvintage.fr\/wp-content\/uploads\/2022\/01\/967-ko.jpg\",\"contentUrl\":\"https:\/\/vinsetvintage.fr\/wp-content\/uploads\/2022\/01\/967-ko.jpg\",\"width\":1920,\"height\":1026,\"caption\":\"Ford Mustang 1970\"},{\"@type\":\"WebPage\",\"@id\":\"https:\/\/vinsetvintage.fr\/index.php\/2022\/07\/19\/un-grand-cru-ford-mustang-a-saint-emilion\/#webpage\",\"url\":\"https:\/\/vinsetvintage.fr\/index.php\/2022\/07\/19\/un-grand-cru-ford-mustang-a-saint-emilion\/\",\"name\":\"Ford Mustang grand cru de 1969 dans les vignes de Saint Emilion\",\"isPartOf\":{\"@id\":\"https:\/\/vinsetvintage.fr\/#website\"},\"primaryImageOfPage\":{\"@id\":\"https:\/\/vinsetvintage.fr\/index.php\/2022\/07\/19\/un-grand-cru-ford-mustang-a-saint-emilion\/#primaryimage\"},\"datePublished\":\"2022-07-19T05:41:54+00:00\",\"dateModified\":\"2023-05-18T08:12:12+00:00\",\"author\":{\"@id\":\"https:\/\/vinsetvintage.fr\/#\/schema\/person\/ef3dad701eb0ac27543a0c1d0b993da9\"},\"description\":\"Ford Mustang grand cru de 1969 dans les vignes de Saint Emilion chez jean-Philippe Janoueix du Ch\\u00e2teau La Confession, un premier grand cru\",\"breadcrumb\":{\"@id\":\"https:\/\/vinsetvintage.fr\/index.php\/2022\/07\/19\/un-grand-cru-ford-mustang-a-saint-emilion\/#breadcrumb\"},\"inLanguage\":\"fr-FR\",\"potentialAction\":[{\"@type\":\"ReadAction\",\"target\":[\"https:\/\/vinsetvintage.fr\/index.php\/2022\/07\/19\/un-grand-cru-ford-mustang-a-saint-emilion\/\"]}]},{\"@type\":\"BreadcrumbList\",\"@id\":\"https:\/\/vinsetvintage.fr\/index.php\/2022\/07\/19\/un-grand-cru-ford-mustang-a-saint-emilion\/#breadcrumb\",\"itemListElement\":[{\"@type\":\"ListItem\",\"position\":1,\"item\":{\"@type\":\"WebPage\",\"@id\":\"https:\/\/vinsetvintage.fr\/\",\"url\":\"https:\/\/vinsetvintage.fr\/\",\"name\":\"Accueil\"}},{\"@type\":\"ListItem\",\"position\":2,\"item\":{\"@id\":\"https:\/\/vinsetvintage.fr\/index.php\/2022\/07\/19\/un-grand-cru-ford-mustang-a-saint-emilion\/#webpage\"}}]},{\"@type\":\"Person\",\"@id\":\"https:\/\/vinsetvintage.fr\/#\/schema\/person\/ef3dad701eb0ac27543a0c1d0b993da9\",\"name\":\"Philippe Genet\",\"sameAs\":[\"http:\/\/vinsetvintage.fr\"]}]}<\/script>\n<!-- \/ Yoast SEO plugin. -->","_links":{"self":[{"href":"https:\/\/vinsetvintage.fr\/index.php\/wp-json\/wp\/v2\/posts\/9407"}],"collection":[{"href":"https:\/\/vinsetvintage.fr\/index.php\/wp-json\/wp\/v2\/posts"}],"about":[{"href":"https:\/\/vinsetvintage.fr\/index.php\/wp-json\/wp\/v2\/types\/post"}],"author":[{"embeddable":true,"href":"https:\/\/vinsetvintage.fr\/index.php\/wp-json\/wp\/v2\/users\/1"}],"replies":[{"embeddable":true,"href":"https:\/\/vinsetvintage.fr\/index.php\/wp-json\/wp\/v2\/comments?post=9407"}],"version-history":[{"count":34,"href":"https:\/\/vinsetvintage.fr\/index.php\/wp-json\/wp\/v2\/posts\/9407\/revisions"}],"predecessor-version":[{"id":10854,"href":"https:\/\/vinsetvintage.fr\/index.php\/wp-json\/wp\/v2\/posts\/9407\/revisions\/10854"}],"wp:featuredmedia":[{"embeddable":true,"href":"https:\/\/vinsetvintage.fr\/index.php\/wp-json\/wp\/v2\/media\/9414"}],"wp:attachment":[{"href":"https:\/\/vinsetvintage.fr\/index.php\/wp-json\/wp\/v2\/media?parent=9407"}],"wp:term":[{"taxonomy":"category","embeddable":true,"href":"https:\/\/vinsetvintage.fr\/index.php\/wp-json\/wp\/v2\/categories?post=9407"},{"taxonomy":"post_tag","embeddable":true,"href":"https:\/\/vinsetvintage.fr\/index.php\/wp-json\/wp\/v2\/tags?post=9407"}],"curies":[{"name":"wp","href":"https:\/\/api.w.org\/{rel}","templated":true}]}}