{"id":9107,"date":"2021-12-10T19:22:38","date_gmt":"2021-12-10T18:22:38","guid":{"rendered":"https:\/\/vinsetvintage.fr\/?p=9107"},"modified":"2021-12-10T19:22:38","modified_gmt":"2021-12-10T18:22:38","slug":"bmw-serie-2-coupe-un-beau-cadeau-souvenir","status":"publish","type":"post","link":"https:\/\/vinsetvintage.fr\/index.php\/2021\/12\/10\/bmw-serie-2-coupe-un-beau-cadeau-souvenir\/","title":{"rendered":"BMW S\u00e9rie 2 Coup\u00e9, un beau cadeau souvenir"},"content":{"rendered":"<p><span style=\"color: #993366;\"><em>C&rsquo;est le dernier petit coup\u00e9 sport bourr\u00e9 de vitamines qui sort avant la fin des moteurs thermiques. Un dernier sursaut de BMW\u00a0 pour ravir les nostalgiques de la vitesse sur concerto en 6 cylindres&#8230;<\/em><\/span><\/p>\n<p>Ouf ! Bmw n\u2019a pas perdu ses g\u00eanes sportifs. On commen\u00e7ait \u00e0 en douter avec les sorties en rafale de SUV \u00e9lectriques ou des petits mod\u00e8les S\u00e9rie 1 ou 2 \u00e0 moteur 3 cylindres et traction avant. Et on craignait le pire avec la sortie du nouveau BMW S\u00e9rie 2 Coup\u00e9 qui en d\u00e9coule. Et bien non, le pire n\u2019est pas arriv\u00e9. Et mieux encore :\u00a0 BMW a g\u00e2t\u00e9 les nostalgiques de petites GT propuls\u00e9es par un 6 cylindres en ligne ! Car il d\u00e9m\u00e9nage ce BMW S\u00e9rie 2 Coup\u00e9 dans sa version M240i \u00e0 la carrosserie body build\u00e9e, exub\u00e9rante de galbes muscl\u00e9s et aux larges nasaux horizontaux \u00e9cumants de rage !<\/p>\n<figure id=\"attachment_9128\" aria-describedby=\"caption-attachment-9128\" style=\"width: 1092px\" class=\"wp-caption aligncenter\"><img loading=\"lazy\" class=\"size-full wp-image-9128\" src=\"https:\/\/vinsetvintage.fr\/wp-content\/uploads\/2021\/11\/BMW-Se\u0301rie-2-Coupe\u0301-D.jpg\" alt=\"BMW Se\u0301rie 2 Coupe\u0301 : D Face avant\" width=\"1092\" height=\"623\" srcset=\"https:\/\/vinsetvintage.fr\/wp-content\/uploads\/2021\/11\/BMW-Se\u0301rie-2-Coupe\u0301-D.jpg 1092w, https:\/\/vinsetvintage.fr\/wp-content\/uploads\/2021\/11\/BMW-Se\u0301rie-2-Coupe\u0301-D-300x171.jpg 300w, https:\/\/vinsetvintage.fr\/wp-content\/uploads\/2021\/11\/BMW-Se\u0301rie-2-Coupe\u0301-D-1024x584.jpg 1024w, https:\/\/vinsetvintage.fr\/wp-content\/uploads\/2021\/11\/BMW-Se\u0301rie-2-Coupe\u0301-D-768x438.jpg 768w\" sizes=\"(max-width: 1092px) 100vw, 1092px\" \/><figcaption id=\"caption-attachment-9128\" class=\"wp-caption-text\">Une face avant tr\u00e8s travaill\u00e9e avec ses grands naseaux horizontaux \u00e0 volets d&rsquo;a\u00e9ration mobiles.<\/figcaption><\/figure>\n<p>Gr\u00e2ce aux 374 ch (34 de plus qu\u2019avant) du fameux 6 cylindres en ligne bi-turbo de 3 litres, \u00e0 la fois puissant et souple dans son feulement \u00e0 petite vitesse. Un vrai fauve du bitume (d\u2019o\u00f9 sa couleur de pr\u00e9sentation ?). Dernier sursaut de BMW pour cette esp\u00e8ce en voie de disparition bannie par l\u2019inflation des malus \u00e9cologiques avant passage \u00e0 l\u2019\u00e9lectrification totale&#8230;Cette ultime petite GT thermique, un futur collector comme le sont aujourd&rsquo;hui les BMW 2002, la marque bavaroise l\u2019a con\u00e7ue non pas sur la plateforme des Mini \u00e0 moteur transversal 4 cylindres comme pour les S\u00e9ries 1 et 2. Mais en prenant celle plus longue des S\u00e9ries 3 et 4 qui peuvent accueillir un 6 cylindres en ligne.<\/p>\n<figure id=\"attachment_9126\" aria-describedby=\"caption-attachment-9126\" style=\"width: 1669px\" class=\"wp-caption aligncenter\"><img loading=\"lazy\" class=\"size-full wp-image-9126\" src=\"https:\/\/vinsetvintage.fr\/wp-content\/uploads\/2021\/11\/BMW-Se\u0301rie-2-Coupe\u0301-B.jpg\" alt=\"BMW Se\u0301rie 2 Coupe\u0301 : B de profil\" width=\"1669\" height=\"603\" srcset=\"https:\/\/vinsetvintage.fr\/wp-content\/uploads\/2021\/11\/BMW-Se\u0301rie-2-Coupe\u0301-B.jpg 1669w, https:\/\/vinsetvintage.fr\/wp-content\/uploads\/2021\/11\/BMW-Se\u0301rie-2-Coupe\u0301-B-300x108.jpg 300w, https:\/\/vinsetvintage.fr\/wp-content\/uploads\/2021\/11\/BMW-Se\u0301rie-2-Coupe\u0301-B-1024x370.jpg 1024w, https:\/\/vinsetvintage.fr\/wp-content\/uploads\/2021\/11\/BMW-Se\u0301rie-2-Coupe\u0301-B-768x277.jpg 768w, https:\/\/vinsetvintage.fr\/wp-content\/uploads\/2021\/11\/BMW-Se\u0301rie-2-Coupe\u0301-B-1536x555.jpg 1536w, https:\/\/vinsetvintage.fr\/wp-content\/uploads\/2021\/11\/BMW-Se\u0301rie-2-Coupe\u0301-B-1320x477.jpg 1320w\" sizes=\"(max-width: 1669px) 100vw, 1669px\" \/><figcaption id=\"caption-attachment-9126\" class=\"wp-caption-text\">La nouvelle BMW S\u00e9rie 2 Coup\u00e9 est plus longue de 10,5 cm que la pr\u00e9c\u00e9dente.<\/figcaption><\/figure>\n<p>Du coup, ce nouveau BMW S\u00e9rie 2 Coup\u00e9 s\u2019\u00e9largit de 6,4 cm (comme une s\u00e9rie 4 tout en \u00e9tant plus court de 20 cm qu\u2019elle) et s\u2019allonge de 10,5 cm par rapport au pr\u00e9c\u00e9dent coup\u00e9 S\u00e9rie 2, avec un capot bomb\u00e9 plus long qu\u2019avant et un habitacle (plus bas de 2,8 cm) ramass\u00e9 sur l\u2019arri\u00e8re. D\u2019o\u00f9 ce petit air de fauve pr\u00eat \u00e0 bondir. Un vrai coup\u00e9 sport comme on n\u2019en fait plus. Ici on ne monte pas en voiture comme dans les SUV \u00e0 la mode. On descend !<\/p>\n<figure id=\"attachment_9127\" aria-describedby=\"caption-attachment-9127\" style=\"width: 1885px\" class=\"wp-caption aligncenter\"><img loading=\"lazy\" class=\"size-full wp-image-9127\" src=\"https:\/\/vinsetvintage.fr\/wp-content\/uploads\/2021\/11\/BMW-Se\u0301rie-2-Coupe\u0301-C.jpg\" alt=\"BMW Se\u0301rie 2 Coupe\u0301 : C planche de bord\" width=\"1885\" height=\"1080\" srcset=\"https:\/\/vinsetvintage.fr\/wp-content\/uploads\/2021\/11\/BMW-Se\u0301rie-2-Coupe\u0301-C.jpg 1885w, https:\/\/vinsetvintage.fr\/wp-content\/uploads\/2021\/11\/BMW-Se\u0301rie-2-Coupe\u0301-C-300x172.jpg 300w, https:\/\/vinsetvintage.fr\/wp-content\/uploads\/2021\/11\/BMW-Se\u0301rie-2-Coupe\u0301-C-1024x587.jpg 1024w, https:\/\/vinsetvintage.fr\/wp-content\/uploads\/2021\/11\/BMW-Se\u0301rie-2-Coupe\u0301-C-768x440.jpg 768w, https:\/\/vinsetvintage.fr\/wp-content\/uploads\/2021\/11\/BMW-Se\u0301rie-2-Coupe\u0301-C-1536x880.jpg 1536w, https:\/\/vinsetvintage.fr\/wp-content\/uploads\/2021\/11\/BMW-Se\u0301rie-2-Coupe\u0301-C-1320x756.jpg 1320w\" sizes=\"(max-width: 1885px) 100vw, 1885px\" \/><figcaption id=\"caption-attachment-9127\" class=\"wp-caption-text\">La planche de bord reprend celle de la BMW S\u00e9rie 4 avec palettes 8 vitesses au volant.<\/figcaption><\/figure>\n<p>Et il faut se baisser pour se glisser \u00e0 l\u2019int\u00e9rieur d\u2019un cockpit \u00e9troit o\u00f9 l\u2019on est assis au ras du sol dans des si\u00e8ges sport enveloppant. Devant la m\u00eame planche de bord ergonomique que la <a href=\"https:\/\/vinsetvintage.fr\/index.php\/2021\/01\/16\/la-bmw-serie-4-au-nouveau-mechant-look\/\">S\u00e9rie 4<\/a>, \u00e9quip\u00e9e de toutes les derni\u00e8res assistances \u00e9lectroniques \u00e0 la conduite, en option h\u00e9las pour certaines comme l\u2019alerte au changement de voie, au trafic arri\u00e8re transversal, le r\u00e9gulateur de vitesse actif ou m\u00eame l\u2019affichage t\u00eate haute ! La s\u00e9curit\u00e9 a un prix, mais tout de m\u00eame\u2026<\/p>\n<figure id=\"attachment_9125\" aria-describedby=\"caption-attachment-9125\" style=\"width: 1636px\" class=\"wp-caption aligncenter\"><img loading=\"lazy\" class=\"size-full wp-image-9125\" src=\"https:\/\/vinsetvintage.fr\/wp-content\/uploads\/2021\/11\/BMW-Se\u0301rie-2-Coupe\u0301-A.jpg\" alt=\"BMW Se\u0301rie 2 Coupe\u0301 : A 3\/4 ar\" width=\"1636\" height=\"802\" srcset=\"https:\/\/vinsetvintage.fr\/wp-content\/uploads\/2021\/11\/BMW-Se\u0301rie-2-Coupe\u0301-A.jpg 1636w, https:\/\/vinsetvintage.fr\/wp-content\/uploads\/2021\/11\/BMW-Se\u0301rie-2-Coupe\u0301-A-300x147.jpg 300w, https:\/\/vinsetvintage.fr\/wp-content\/uploads\/2021\/11\/BMW-Se\u0301rie-2-Coupe\u0301-A-1024x502.jpg 1024w, https:\/\/vinsetvintage.fr\/wp-content\/uploads\/2021\/11\/BMW-Se\u0301rie-2-Coupe\u0301-A-768x376.jpg 768w, https:\/\/vinsetvintage.fr\/wp-content\/uploads\/2021\/11\/BMW-Se\u0301rie-2-Coupe\u0301-A-1536x753.jpg 1536w, https:\/\/vinsetvintage.fr\/wp-content\/uploads\/2021\/11\/BMW-Se\u0301rie-2-Coupe\u0301-A-1320x647.jpg 1320w\" sizes=\"(max-width: 1636px) 100vw, 1636px\" \/><figcaption id=\"caption-attachment-9125\" class=\"wp-caption-text\">Un coup\u00e9 ramass\u00e9 sur son coffre arri\u00e8re tricorps.<\/figcaption><\/figure>\n<p>Sur la route, avec une surface de contact au sol plus large combin\u00e9e \u00e0 un empattement plus court entre les deux trains avant-arri\u00e8re qu\u2019une S\u00e9rie 4, une direction tr\u00e8s directe et une 4 roues motrices \u00e0 suspension pilot\u00e9e, cette BMW S\u00e9rie 2 Coup\u00e9 M240i a tout pour se montrer tr\u00e8s r\u00e9active, joueuse et riv\u00e9e au sol. Car cette traction int\u00e9grale est \u00e9quip\u00e9e d\u2019un diff\u00e9rentiel arri\u00e8re pilot\u00e9 qui envoie 100 % du couple sur la roue ext\u00e9rieure dans les virages de fa\u00e7on \u00e0 mieux les enchainer sans mauvaises surprises.<\/p>\n<figure id=\"attachment_9129\" aria-describedby=\"caption-attachment-9129\" style=\"width: 1768px\" class=\"wp-caption aligncenter\"><img loading=\"lazy\" class=\"size-full wp-image-9129\" src=\"https:\/\/vinsetvintage.fr\/wp-content\/uploads\/2021\/11\/BMW-Se\u0301rie-2-Coupe\u0301-E.jpg\" alt=\"BMW Se\u0301rie 2 Coupe\u0301 : E \/Feux arri\u00e8res\" width=\"1768\" height=\"897\" srcset=\"https:\/\/vinsetvintage.fr\/wp-content\/uploads\/2021\/11\/BMW-Se\u0301rie-2-Coupe\u0301-E.jpg 1768w, https:\/\/vinsetvintage.fr\/wp-content\/uploads\/2021\/11\/BMW-Se\u0301rie-2-Coupe\u0301-E-300x152.jpg 300w, https:\/\/vinsetvintage.fr\/wp-content\/uploads\/2021\/11\/BMW-Se\u0301rie-2-Coupe\u0301-E-1024x520.jpg 1024w, https:\/\/vinsetvintage.fr\/wp-content\/uploads\/2021\/11\/BMW-Se\u0301rie-2-Coupe\u0301-E-768x390.jpg 768w, https:\/\/vinsetvintage.fr\/wp-content\/uploads\/2021\/11\/BMW-Se\u0301rie-2-Coupe\u0301-E-1536x779.jpg 1536w, https:\/\/vinsetvintage.fr\/wp-content\/uploads\/2021\/11\/BMW-Se\u0301rie-2-Coupe\u0301-E-1320x670.jpg 1320w\" sizes=\"(max-width: 1768px) 100vw, 1768px\" \/><figcaption id=\"caption-attachment-9129\" class=\"wp-caption-text\">Art abstrait ? Non. Superbes feux arri\u00e8res \u00e0 LED en 3 dimensions.<\/figcaption><\/figure>\n<p>Tout en jouissant de la pouss\u00e9e permanente de ce biturbo au couple g\u00e9n\u00e9reux de 500 Nm, disponible entre 1900 et 5000 trs\/minute. Avec en prime les d\u00e9lices de la musicalit\u00e9 sans pareil de ce six cylindres qui donne de la voix en grimpant dans les tours. Un concert unique dont les repr\u00e9sentations vont s\u2019arr\u00eater pour respecter les oukases \u00e9cologiques de Bruxelles. Tant pis pour les m\u00e9lomanes\u2026Coupez !<\/p>\n<p><a href=\"http:\/\/www.bmw.fr\">www.bmw.fr<\/a><\/p>\n<p><strong>Cylindr\u00e9e<\/strong> : 2979 cm3 \/6 cylindres bi-turbo<\/p>\n<p><strong>Puissance<\/strong>\u00a0: 374 ch<\/p>\n<p><strong>Couple maxi<\/strong> : 500 Nm<\/p>\n<p><strong>0 \u00e0 100 km\/h<\/strong>\u00a0: 4,3 sec<\/p>\n<p><strong>Vitesse max<\/strong>\u00a0: 250 km\/h<\/p>\n<p><strong>Consommation moyenne<\/strong>\u00a0: 8,1 l \u00e0 8,8 l\/100 km<\/p>\n<p><strong>CO2<\/strong>\u00a0: 185 g\/km<\/p>\n<p><strong>Malus<\/strong>\u00a0: 9550 \u20ac<\/p>\n<p><strong>Coffre<\/strong>\u00a0: 390 l<\/p>\n<p><strong>R\u00e9servoir\u00a0<\/strong>: 52 l<\/p>\n<p><strong>Prix\u00a0<\/strong>: 59 900 \u20ac<\/p>\n<p>41 800 \u20ac pour l\u2019essence 220i de 184 ch<\/p>\n<p>44 700 \u20ac pour le diesel 220D de 190 ch<\/p>\n<p><strong>LES PLUS\u00a0<\/strong>: puissance et souplesse du 6 cylindres,suspension pilot\u00e9e, plaisir de conduite<\/p>\n<p><strong>LES MOINS\u00a0<\/strong>: places arri\u00e8res symboliques, coffre r\u00e9duit, aides \u00e0 la conduite en options, malus<\/p>\n","protected":false},"excerpt":{"rendered":"<p>C&rsquo;est le dernier petit coup\u00e9 sport bourr\u00e9 de vitamines qui sort avant la fin des moteurs thermiques. Un dernier sursaut de BMW\u00a0 pour ravir les nostalgiques de la vitesse sur concerto en 6 cylindres&#8230; Ouf ! Bmw n\u2019a pas perdu ses g\u00eanes sportifs. On commen\u00e7ait \u00e0 en douter avec les sorties en rafale de SUV &#8230;<\/p>\n","protected":false},"author":1,"featured_media":9124,"comment_status":"closed","ping_status":"closed","sticky":false,"template":"","format":"standard","meta":[],"categories":[5],"tags":[120,494,591,420,590,592],"yoast_head":"<!-- This site is optimized with the Yoast SEO plugin v16.2 - https:\/\/yoast.com\/wordpress\/plugins\/seo\/ -->\n<title>BMW S\u00e9rie 2 coup\u00e9 M 240 i, un beau cadeau souvenir nostalgie<\/title>\n<meta name=\"description\" content=\"BMW S\u00e9rie 2 coup\u00e9 M 240 i, un beau cadeau souvenir nostalgie pour les passionn\u00e9s de sport automobile avec le chant du 6 cylindres\" \/>\n<meta name=\"robots\" content=\"index, follow, max-snippet:-1, max-image-preview:large, max-video-preview:-1\" \/>\n<link rel=\"canonical\" href=\"https:\/\/vinsetvintage.fr\/index.php\/2021\/12\/10\/bmw-serie-2-coupe-un-beau-cadeau-souvenir\/\" \/>\n<meta property=\"og:locale\" content=\"fr_FR\" \/>\n<meta property=\"og:type\" content=\"article\" \/>\n<meta property=\"og:title\" content=\"BMW S\u00e9rie 2 coup\u00e9 M 240 i, un beau cadeau souvenir nostalgie\" \/>\n<meta property=\"og:description\" content=\"BMW S\u00e9rie 2 coup\u00e9 M 240 i, un beau cadeau souvenir nostalgie pour les passionn\u00e9s de sport automobile avec le chant du 6 cylindres\" \/>\n<meta property=\"og:url\" content=\"https:\/\/vinsetvintage.fr\/index.php\/2021\/12\/10\/bmw-serie-2-coupe-un-beau-cadeau-souvenir\/\" \/>\n<meta property=\"og:site_name\" content=\"Vins &amp; Vintage\" \/>\n<meta property=\"article:published_time\" content=\"2021-12-10T18:22:38+00:00\" \/>\n<meta property=\"og:image\" content=\"https:\/\/vinsetvintage.fr\/wp-content\/uploads\/2021\/11\/BMW-Se\u0301rie-2-Coupe\u0301-OUV.jpg\" \/>\n\t<meta property=\"og:image:width\" content=\"1556\" \/>\n\t<meta property=\"og:image:height\" content=\"831\" \/>\n<meta name=\"twitter:card\" content=\"summary\" \/>\n<meta name=\"twitter:label1\" content=\"Dur\u00e9e de lecture est.\">\n\t<meta name=\"twitter:data1\" content=\"5 minutes\">\n<script type=\"application\/ld+json\" class=\"yoast-schema-graph\">{\"@context\":\"https:\/\/schema.org\",\"@graph\":[{\"@type\":\"WebSite\",\"@id\":\"https:\/\/vinsetvintage.fr\/#website\",\"url\":\"https:\/\/vinsetvintage.fr\/\",\"name\":\"Vins &amp; Vintage\",\"description\":\"Le premier site des passionn\\u00e9s de voitures anciennes et de bons vins\",\"potentialAction\":[{\"@type\":\"SearchAction\",\"target\":\"https:\/\/vinsetvintage.fr\/?s={search_term_string}\",\"query-input\":\"required name=search_term_string\"}],\"inLanguage\":\"fr-FR\"},{\"@type\":\"ImageObject\",\"@id\":\"https:\/\/vinsetvintage.fr\/index.php\/2021\/12\/10\/bmw-serie-2-coupe-un-beau-cadeau-souvenir\/#primaryimage\",\"inLanguage\":\"fr-FR\",\"url\":\"https:\/\/vinsetvintage.fr\/wp-content\/uploads\/2021\/11\/BMW-Se\\u0301rie-2-Coupe\\u0301-OUV.jpg\",\"contentUrl\":\"https:\/\/vinsetvintage.fr\/wp-content\/uploads\/2021\/11\/BMW-Se\\u0301rie-2-Coupe\\u0301-OUV.jpg\",\"width\":1556,\"height\":831,\"caption\":\"BMW Se\\u0301rie 2 Coupe\\u0301 : OUV 3\/4 face\"},{\"@type\":\"WebPage\",\"@id\":\"https:\/\/vinsetvintage.fr\/index.php\/2021\/12\/10\/bmw-serie-2-coupe-un-beau-cadeau-souvenir\/#webpage\",\"url\":\"https:\/\/vinsetvintage.fr\/index.php\/2021\/12\/10\/bmw-serie-2-coupe-un-beau-cadeau-souvenir\/\",\"name\":\"BMW S\\u00e9rie 2 coup\\u00e9 M 240 i, un beau cadeau souvenir nostalgie\",\"isPartOf\":{\"@id\":\"https:\/\/vinsetvintage.fr\/#website\"},\"primaryImageOfPage\":{\"@id\":\"https:\/\/vinsetvintage.fr\/index.php\/2021\/12\/10\/bmw-serie-2-coupe-un-beau-cadeau-souvenir\/#primaryimage\"},\"datePublished\":\"2021-12-10T18:22:38+00:00\",\"dateModified\":\"2021-12-10T18:22:38+00:00\",\"author\":{\"@id\":\"https:\/\/vinsetvintage.fr\/#\/schema\/person\/ef3dad701eb0ac27543a0c1d0b993da9\"},\"description\":\"BMW S\\u00e9rie 2 coup\\u00e9 M 240 i, un beau cadeau souvenir nostalgie pour les passionn\\u00e9s de sport automobile avec le chant du 6 cylindres\",\"breadcrumb\":{\"@id\":\"https:\/\/vinsetvintage.fr\/index.php\/2021\/12\/10\/bmw-serie-2-coupe-un-beau-cadeau-souvenir\/#breadcrumb\"},\"inLanguage\":\"fr-FR\",\"potentialAction\":[{\"@type\":\"ReadAction\",\"target\":[\"https:\/\/vinsetvintage.fr\/index.php\/2021\/12\/10\/bmw-serie-2-coupe-un-beau-cadeau-souvenir\/\"]}]},{\"@type\":\"BreadcrumbList\",\"@id\":\"https:\/\/vinsetvintage.fr\/index.php\/2021\/12\/10\/bmw-serie-2-coupe-un-beau-cadeau-souvenir\/#breadcrumb\",\"itemListElement\":[{\"@type\":\"ListItem\",\"position\":1,\"item\":{\"@type\":\"WebPage\",\"@id\":\"https:\/\/vinsetvintage.fr\/\",\"url\":\"https:\/\/vinsetvintage.fr\/\",\"name\":\"Accueil\"}},{\"@type\":\"ListItem\",\"position\":2,\"item\":{\"@id\":\"https:\/\/vinsetvintage.fr\/index.php\/2021\/12\/10\/bmw-serie-2-coupe-un-beau-cadeau-souvenir\/#webpage\"}}]},{\"@type\":\"Person\",\"@id\":\"https:\/\/vinsetvintage.fr\/#\/schema\/person\/ef3dad701eb0ac27543a0c1d0b993da9\",\"name\":\"Philippe Genet\",\"sameAs\":[\"http:\/\/vinsetvintage.fr\"]}]}<\/script>\n<!-- \/ Yoast SEO plugin. -->","_links":{"self":[{"href":"https:\/\/vinsetvintage.fr\/index.php\/wp-json\/wp\/v2\/posts\/9107"}],"collection":[{"href":"https:\/\/vinsetvintage.fr\/index.php\/wp-json\/wp\/v2\/posts"}],"about":[{"href":"https:\/\/vinsetvintage.fr\/index.php\/wp-json\/wp\/v2\/types\/post"}],"author":[{"embeddable":true,"href":"https:\/\/vinsetvintage.fr\/index.php\/wp-json\/wp\/v2\/users\/1"}],"replies":[{"embeddable":true,"href":"https:\/\/vinsetvintage.fr\/index.php\/wp-json\/wp\/v2\/comments?post=9107"}],"version-history":[{"count":25,"href":"https:\/\/vinsetvintage.fr\/index.php\/wp-json\/wp\/v2\/posts\/9107\/revisions"}],"predecessor-version":[{"id":9159,"href":"https:\/\/vinsetvintage.fr\/index.php\/wp-json\/wp\/v2\/posts\/9107\/revisions\/9159"}],"wp:featuredmedia":[{"embeddable":true,"href":"https:\/\/vinsetvintage.fr\/index.php\/wp-json\/wp\/v2\/media\/9124"}],"wp:attachment":[{"href":"https:\/\/vinsetvintage.fr\/index.php\/wp-json\/wp\/v2\/media?parent=9107"}],"wp:term":[{"taxonomy":"category","embeddable":true,"href":"https:\/\/vinsetvintage.fr\/index.php\/wp-json\/wp\/v2\/categories?post=9107"},{"taxonomy":"post_tag","embeddable":true,"href":"https:\/\/vinsetvintage.fr\/index.php\/wp-json\/wp\/v2\/tags?post=9107"}],"curies":[{"name":"wp","href":"https:\/\/api.w.org\/{rel}","templated":true}]}}