{"id":6871,"date":"2021-01-16T10:15:53","date_gmt":"2021-01-16T09:15:53","guid":{"rendered":"https:\/\/vinsetvintage.fr\/?p=6871"},"modified":"2021-11-20T13:29:26","modified_gmt":"2021-11-20T12:29:26","slug":"bmw-635-csi","status":"publish","type":"post","link":"https:\/\/vinsetvintage.fr\/index.php\/2021\/01\/16\/bmw-635-csi\/","title":{"rendered":"Une BMW 635 CSI dans les vignes de Margaux"},"content":{"rendered":"<p><span style=\"color: #993366;\"><em>Ce superbe coup\u00e9 BMW 635 CSI de 1983, qui a aussi du sang fran\u00e7ais, a \u00e9t\u00e9 la vitrine de prestige de la marque bavaroise.\u00a0 Comme la fameuse appellation Margaux dans le vignobles de Bordeaux.<\/em><\/span><\/p>\n<p><!--more--><\/p>\n<p><strong>CH\u00c2TEAU MONBRISON<\/strong> \/ <em>Laurent et Alix Vonderheyden <\/em><\/p>\n<p>\u00ab\u00a0Onctueux, souple et puissant\u2026\u00a0\u00bb Vous pensez sans doute que Laurent Vonderheyden d\u00e9crit les sensations gustatives de son somptueux Margaux Ch\u00e2teau Monbrison. Mais c\u2019est des acc\u00e9l\u00e9rations de velours du 6 cylindres en ligne 3,5 l\u00a0 218 ch de son coup\u00e9 BMW 635 CSI de 1983 qu\u2019il s\u2019agit. Un grand cru aussi dans son genre. Le mod\u00e8le star de la marque entre 1975 et 1989 avec 86 216 exemplaires vendus. Et qui a remport\u00e9 de nombreuses victoires sur circuit ou en rallye dans sa version M635 CSI 24 soupapes de 286 ch. \u00a0La seule des BMW de s\u00e9rie au compteur non bloqu\u00e9 qui atteignait les 255 km\/h !<\/p>\n<figure id=\"attachment_6879\" aria-describedby=\"caption-attachment-6879\" style=\"width: 1920px\" class=\"wp-caption alignleft\"><img loading=\"lazy\" class=\"size-full wp-image-6879\" src=\"https:\/\/vinsetvintage.fr\/wp-content\/uploads\/2020\/11\/BMW-635-CSI-2.jpg\" alt=\"Une BMW 635 CSI dans les vignes de Margaux\" width=\"1920\" height=\"813\" srcset=\"https:\/\/vinsetvintage.fr\/wp-content\/uploads\/2020\/11\/BMW-635-CSI-2.jpg 1920w, https:\/\/vinsetvintage.fr\/wp-content\/uploads\/2020\/11\/BMW-635-CSI-2-300x127.jpg 300w, https:\/\/vinsetvintage.fr\/wp-content\/uploads\/2020\/11\/BMW-635-CSI-2-768x325.jpg 768w, https:\/\/vinsetvintage.fr\/wp-content\/uploads\/2020\/11\/BMW-635-CSI-2-1024x434.jpg 1024w, https:\/\/vinsetvintage.fr\/wp-content\/uploads\/2020\/11\/BMW-635-CSI-2-1140x483.jpg 1140w\" sizes=\"(max-width: 1920px) 100vw, 1920px\" \/><figcaption id=\"caption-attachment-6879\" class=\"wp-caption-text\">La BMW 635 CSI a un profil de coup\u00e9 sportif de luxe \u00e0 la ligne tr\u00e8s rac\u00e9e.<\/figcaption><\/figure>\n<p>De quoi faire r\u00eaver les jeunes, comme Laurent Vonderheyden \u00e2g\u00e9 d\u2019une\u00a0 vingtaine d\u2019ann\u00e9es\u00a0 \u00e0 l\u2019\u00e9poque, s\u2019imaginant au volant de cette BMW 635 CSI, m\u00eame de base, aur\u00e9ol\u00e9e \u00e0 la fois par son style rac\u00e9 et le palmar\u00e8s de la M635\u00a0 3 fois championne d\u2019Europe FIA et 3 fois victorieuse aux 24 Heures de Spa. C\u2019est finalement \u00e0 52 ans en 2011 qu\u2019il a r\u00e9alis\u00e9 ce r\u00eave en tombant un peu par hasard sur un oiseau rare n\u2019affichant que 32 000 km au compteur malgr\u00e9 ses 28 ans.<\/p>\n<figure id=\"attachment_6882\" aria-describedby=\"caption-attachment-6882\" style=\"width: 1522px\" class=\"wp-caption alignleft\"><img loading=\"lazy\" class=\"size-full wp-image-6882\" src=\"https:\/\/vinsetvintage.fr\/wp-content\/uploads\/2020\/11\/BMW-635-CSI-5.jpg\" alt=\"Une BMW 635 CSI dans les vignes de Margaux\" width=\"1522\" height=\"1080\" srcset=\"https:\/\/vinsetvintage.fr\/wp-content\/uploads\/2020\/11\/BMW-635-CSI-5.jpg 1522w, https:\/\/vinsetvintage.fr\/wp-content\/uploads\/2020\/11\/BMW-635-CSI-5-300x213.jpg 300w, https:\/\/vinsetvintage.fr\/wp-content\/uploads\/2020\/11\/BMW-635-CSI-5-768x545.jpg 768w, https:\/\/vinsetvintage.fr\/wp-content\/uploads\/2020\/11\/BMW-635-CSI-5-1024x727.jpg 1024w, https:\/\/vinsetvintage.fr\/wp-content\/uploads\/2020\/11\/BMW-635-CSI-5-1140x809.jpg 1140w\" sizes=\"(max-width: 1522px) 100vw, 1522px\" \/><figcaption id=\"caption-attachment-6882\" class=\"wp-caption-text\">Une vraie 4 places \u00e0 la sellerie cuir confortable aux couleurs des ann\u00e9es 70.<\/figcaption><\/figure>\n<p>\u00ab Cette BMW 635 CSI est comme neuve avec sa superbe sellerie en cuir bleue refl\u00e9tant bien le style tendance de son \u00e9poque, et son tableau de bord caract\u00e9ristique des BMW d\u2019alors avec la console centrale orient\u00e9e vers le conducteur \u00bb s\u2019extasie ce vigneron, esth\u00e8te \u00e0 ses heures en parlant de la belle \u00ab\u00a0robe\u00a0\u00bb de cette auto comme de celle de ses vins. C\u2019est que cette belle allemande devait en fait son originalit\u00e9 et son \u00e9l\u00e9gance \u00e0 un Fran\u00e7ais ! Le talentueux Paul Bracq.<\/p>\n<figure id=\"attachment_6883\" aria-describedby=\"caption-attachment-6883\" style=\"width: 1920px\" class=\"wp-caption alignleft\"><img loading=\"lazy\" class=\"size-full wp-image-6883\" src=\"https:\/\/vinsetvintage.fr\/wp-content\/uploads\/2020\/11\/BMW-635-CSI-6.jpg\" alt=\"Une BMW 635 CSI dans les vignes de Margaux\" width=\"1920\" height=\"1035\" srcset=\"https:\/\/vinsetvintage.fr\/wp-content\/uploads\/2020\/11\/BMW-635-CSI-6.jpg 1920w, https:\/\/vinsetvintage.fr\/wp-content\/uploads\/2020\/11\/BMW-635-CSI-6-300x162.jpg 300w, https:\/\/vinsetvintage.fr\/wp-content\/uploads\/2020\/11\/BMW-635-CSI-6-768x414.jpg 768w, https:\/\/vinsetvintage.fr\/wp-content\/uploads\/2020\/11\/BMW-635-CSI-6-1024x552.jpg 1024w, https:\/\/vinsetvintage.fr\/wp-content\/uploads\/2020\/11\/BMW-635-CSI-6-1140x615.jpg 1140w\" sizes=\"(max-width: 1920px) 100vw, 1920px\" \/><figcaption id=\"caption-attachment-6883\" class=\"wp-caption-text\">La planche de bord \u00e0 console centrale tourn\u00e9e vers le conducteur \u00e9tait tr\u00e8s caract\u00e9ristique.<\/figcaption><\/figure>\n<p>Venu de chez Mercedes o\u00f9 il avait cr\u00e9\u00e9 le fameux coup\u00e9 <a href=\"https:\/\/vinsetvintage.fr\/index.php\/2016\/11\/26\/mercedes-pagode-280-sl\/\">Pagode<\/a>, ce Bordelais dirigea le bureau de style BMW de 1970 \u00e0 1974 avant de passer ensuite chez Peugeot. C\u2019est \u00e0 lui que la marque doit sa nouvelle identit\u00e9 avec la ligne si caract\u00e9ristique des premi\u00e8res S\u00e9rie 3 et 5 \u00e0 la calandre en pans coup\u00e9 (qui ne sera revisit\u00e9e qu\u2019en 1992 par le styliste Chris Bangle). Et pour couronner la gamme, cette BMW 635 CSI surnomm\u00e9e \u00ab Nez de requin \u00bb en raison de sa face avant agressive avec son \u00ab nez \u00bb pointu et inclin\u00e9 en invers\u00e9 vers l\u2019arri\u00e8re, donne cette \u00e9tonnant effet de voiture d\u00e9form\u00e9e par le vent en pleine vitesse, m\u00eame \u00e0 l\u2019arr\u00eat !<\/p>\n<figure id=\"attachment_6880\" aria-describedby=\"caption-attachment-6880\" style=\"width: 1920px\" class=\"wp-caption alignleft\"><img loading=\"lazy\" class=\"size-full wp-image-6880\" src=\"https:\/\/vinsetvintage.fr\/wp-content\/uploads\/2020\/11\/BMW-635-CSI-3.jpg\" alt=\"Une BMW 635 CSI dans les vignes de Margaux\" width=\"1920\" height=\"932\" srcset=\"https:\/\/vinsetvintage.fr\/wp-content\/uploads\/2020\/11\/BMW-635-CSI-3.jpg 1920w, https:\/\/vinsetvintage.fr\/wp-content\/uploads\/2020\/11\/BMW-635-CSI-3-300x146.jpg 300w, https:\/\/vinsetvintage.fr\/wp-content\/uploads\/2020\/11\/BMW-635-CSI-3-768x373.jpg 768w, https:\/\/vinsetvintage.fr\/wp-content\/uploads\/2020\/11\/BMW-635-CSI-3-1024x497.jpg 1024w, https:\/\/vinsetvintage.fr\/wp-content\/uploads\/2020\/11\/BMW-635-CSI-3-1140x553.jpg 1140w\" sizes=\"(max-width: 1920px) 100vw, 1920px\" \/><figcaption id=\"caption-attachment-6880\" class=\"wp-caption-text\">Le nez en pointe de la BMW 635 CSI avec sa face inclin\u00e9e lui a valu son surnom de \u00a0\u00bb requin\u00a0\u00bb.<\/figcaption><\/figure>\n<p>Une image suggestive refl\u00e9tant l\u2019impatience des 218 chevaux sous le capot de cette BMW 635 CSI pr\u00eats \u00e0 d\u00e9livrer toute leur puissance. \u00ab C\u2019est une sportive polyvalente, se r\u00e9gale Laurent Vonderheyden. Par ses performances, et son confort qui en fait une grande routi\u00e8re reposante sur les longs trajets d\u2019autoroute o\u00f9, \u00e0 l\u2019\u00e9poque, le 200 km\/h en toute s\u00e9curit\u00e9 raccourcissait les distances ! Une GT, familiale en plus avec 4 vraies places et un grand coffre de 520 l, pour voyager loin et vite.<\/p>\n<figure id=\"attachment_6881\" aria-describedby=\"caption-attachment-6881\" style=\"width: 1694px\" class=\"wp-caption alignleft\"><img loading=\"lazy\" class=\"size-full wp-image-6881\" src=\"https:\/\/vinsetvintage.fr\/wp-content\/uploads\/2020\/11\/BMW-635-CSI-4.jpg\" alt=\"Une BMW 635 CSI dans les vignes de Margaux\" width=\"1694\" height=\"1080\" srcset=\"https:\/\/vinsetvintage.fr\/wp-content\/uploads\/2020\/11\/BMW-635-CSI-4.jpg 1694w, https:\/\/vinsetvintage.fr\/wp-content\/uploads\/2020\/11\/BMW-635-CSI-4-300x191.jpg 300w, https:\/\/vinsetvintage.fr\/wp-content\/uploads\/2020\/11\/BMW-635-CSI-4-768x490.jpg 768w, https:\/\/vinsetvintage.fr\/wp-content\/uploads\/2020\/11\/BMW-635-CSI-4-1024x653.jpg 1024w, https:\/\/vinsetvintage.fr\/wp-content\/uploads\/2020\/11\/BMW-635-CSI-4-1140x727.jpg 1140w\" sizes=\"(max-width: 1694px) 100vw, 1694px\" \/><figcaption id=\"caption-attachment-6881\" class=\"wp-caption-text\">La calandre inclin\u00e9e \u00e0 quatre phares a \u00e9t\u00e9 la signature de la marque.<\/figcaption><\/figure>\n<p>Mais m\u00eame sur petites routes, et malgr\u00e9 son poids de 1,5 tonne, cette BMW 635 CSI est tr\u00e8s stable. Quant au puissant couple de 310 Nm \u00e0 4400 trs de ce 6 cylindres fantastique, il permet, tout en restant en quatri\u00e8me \u00e0 50 km\/h, de repartir dans une belle acc\u00e9l\u00e9ration \u00e0 130 km\/h \u00e0 seulement 3300 tours. Et d\u2019en garder encore sous le pied avec une vitesse max autour de 200 km\/h ! Le tout dans un feulement \u00e0 la sonorit\u00e9 de velours carr\u00e9ment envoutante&#8230;\u00a0\u00bb Un vrai bonheur pour m\u00e9lomane press\u00e9\u00a0!<\/p>\n<p><img loading=\"lazy\" class=\"aligncenter wp-image-6884\" src=\"https:\/\/vinsetvintage.fr\/wp-content\/uploads\/2020\/11\/BMW-635-CSI-7.jpg\" alt=\"\" width=\"381\" height=\"188\" srcset=\"https:\/\/vinsetvintage.fr\/wp-content\/uploads\/2020\/11\/BMW-635-CSI-7.jpg 1920w, https:\/\/vinsetvintage.fr\/wp-content\/uploads\/2020\/11\/BMW-635-CSI-7-300x148.jpg 300w, https:\/\/vinsetvintage.fr\/wp-content\/uploads\/2020\/11\/BMW-635-CSI-7-768x379.jpg 768w, https:\/\/vinsetvintage.fr\/wp-content\/uploads\/2020\/11\/BMW-635-CSI-7-1024x506.jpg 1024w, https:\/\/vinsetvintage.fr\/wp-content\/uploads\/2020\/11\/BMW-635-CSI-7-1140x563.jpg 1140w\" sizes=\"(max-width: 381px) 100vw, 381px\" \/><\/p>\n<h5><\/h5>\n<h5>LA M\u00caME MARQUE AUJOURD&rsquo;HUI<\/h5>\n<p><em>LA BMW S\u00c9RIE 4 AU NOUVEAU M\u00c9CHANT LOOK<br \/>\n<\/em><\/p>\n<p><img loading=\"lazy\" class=\"alignleft wp-image-6953\" src=\"https:\/\/vinsetvintage.fr\/wp-content\/uploads\/2020\/12\/jpg.jpeg\" alt=\"La BMW S\u00e9rie 4 au nouveau m\u00e9chant look\" width=\"448\" height=\"229\" srcset=\"https:\/\/vinsetvintage.fr\/wp-content\/uploads\/2020\/12\/jpg.jpeg 2396w, https:\/\/vinsetvintage.fr\/wp-content\/uploads\/2020\/12\/jpg-300x153.jpeg 300w, https:\/\/vinsetvintage.fr\/wp-content\/uploads\/2020\/12\/jpg-768x392.jpeg 768w, https:\/\/vinsetvintage.fr\/wp-content\/uploads\/2020\/12\/jpg-1024x523.jpeg 1024w, https:\/\/vinsetvintage.fr\/wp-content\/uploads\/2020\/12\/jpg-1140x582.jpeg 1140w\" sizes=\"(max-width: 448px) 100vw, 448px\" \/>Le dernier coup\u00e9 S\u00e9rie 4 d\u00e9riv\u00e9 de la berline S\u00e9rie 3 affiche une nouvelle identit\u00e9 de la marque. Elle saute aux yeux par son faci\u00e8s agressif du \u00e0 une \u00e9norme calandre qui change par rapports aux petits \u00ab\u00a0haricots\u00a0\u00bb\u00a0 jusqu&rsquo;ici symbole traditionnel des B\u00e9h\u00e8mes. Cette r\u00e9volution stylistique os\u00e9e soul\u00e8ve la controverse,\u00a0 mais contribue \u00e0 d\u00e9gager l&rsquo;impression de puissance de ce coup\u00e9 qui n&rsquo;en manque pas dans sa version 440i xDrive au 6 cylindres en ligne de 374 chevaux&#8230;<a href=\"https:\/\/vinsetvintage.fr\/index.php\/2021\/01\/16\/la-bmw-serie-4-au-nouveau-mechant-look\/\">lire la suite<\/a><\/p>\n<h6>OENOTOURISME<\/h6>\n<p><em><u>\u00a0 \u00a0 \u00a0 \u00a0 \u00a0 \u00a0 \u00a0 \u00a0 \u00a0 \u00a0 \u00a0 \u00a0 \u00a0 \u00a0 \u00a0 \u00a0 \u00a0 \u00a0 \u00a0 \u00a0 \u00a0 \u00a0 \u00a0 \u00a0 \u00a0 \u00a0 \u00a0 \u00a0 \u00a0 \u00a0 \u00a0 \u00a0 \u00a0\u00a0 MON VIN PR\u00c9F\u00c9R\u00c9<\/u><\/em><\/p>\n<p>Sur ce vignoble familial depuis 4 g\u00e9n\u00e9rations avec Laurent Vonderheyden et sa fille Alix pr\u00eate \u00e0 prendre la rel\u00e8ve, les 15 hectares \u00e0 Arsac\u00a0 sont situ\u00e9s sur le haut plateau de Margaux b\u00e9n\u00e9ficiant d\u2019une belle exposition. Un terroir fertile de graves pyr\u00e9n\u00e9ennes de plusieurs m\u00e8tres naturellement drain\u00e9 \u00a0qui le met davantage \u00e0 l\u2019abri de l\u2019humidit\u00e9. Sur les derniers mill\u00e9simes, ces vins n\u2019ont rien \u00e0 envier aux meilleurs de l\u2019appellation tant en qualit\u00e9 qu\u2019en potentiel de vieillissement apr\u00e8s un \u00e9levage de 14 \u00e0 18 mois en barriques de moyenne chauffe et neuves \u00e0 40%.<\/p>\n<p><strong><img loading=\"lazy\" class=\"alignleft wp-image-6895\" src=\"https:\/\/vinsetvintage.fr\/wp-content\/uploads\/2020\/11\/ETIQUETTE-MONBRISON-NEUTRE.jpg\" alt=\"\" width=\"198\" height=\"215\" srcset=\"https:\/\/vinsetvintage.fr\/wp-content\/uploads\/2020\/11\/ETIQUETTE-MONBRISON-NEUTRE.jpg 500w, https:\/\/vinsetvintage.fr\/wp-content\/uploads\/2020\/11\/ETIQUETTE-MONBRISON-NEUTRE-276x300.jpg 276w\" sizes=\"(max-width: 198px) 100vw, 198px\" \/>Ch\u00e2teau Monbrison 2010\u00a0<\/strong>: un nectar qui tutoie les crus class\u00e9s avec 4 c\u00e9pages jouant une partition joliment \u00e9quilibr\u00e9e entre Cabernet Sauvignon \u00e0 70%, Merlot \u00e0 25% et le reste partag\u00e9 pour moiti\u00e9 Cabernet Franc et Petit Verdot. R\u00e9sultat, un vin raffin\u00e9 au nez d\u00e9licat, bien charpent\u00e9 par le Sauvignon, au touch\u00e9 pr\u00e9cis, une mati\u00e8re dense et profonde, des tanins soyeux accentuant la rondeur du fruit\u00e9 avec une pointe d\u2019acidit\u00e9 remontant en finale sur un l\u00e9ger bois\u00e9. (48 \u20ac).<\/p>\n<p>Le <strong>mill\u00e9sime 2015<\/strong> \u00e0 la complexit\u00e9 aromatique et la suavit\u00e9 de velours est promis au m\u00eame plaisir en vieillissant. (48 \u20ac)<\/p>\n<p>Et le deuxi\u00e8me vin du domaine <strong>Bouquet de Monbrison<\/strong> est d\u00e9j\u00e0 une belle entr\u00e9e en mati\u00e8re (24 \u20ac)<\/p>\n<p><em><u>\u00a0\u00a0\u00a0\u00a0\u00a0\u00a0\u00a0\u00a0\u00a0\u00a0\u00a0\u00a0\u00a0\u00a0\u00a0\u00a0\u00a0\u00a0\u00a0\u00a0\u00a0\u00a0\u00a0\u00a0\u00a0\u00a0\u00a0\u00a0\u00a0\u00a0\u00a0\u00a0\u00a0\u00a0\u00a0\u00a0\u00a0\u00a0\u00a0\u00a0\u00a0\u00a0\u00a0\u00a0\u00a0\u00a0\u00a0\u00a0\u00a0\u00a0\u00a0\u00a0\u00a0\u00a0\u00a0\u00a0 PROFITEZ EN POUR VISITER<\/u>&#8230;<\/em><\/p>\n<p>*<strong>Le mus\u00e9e du vin de Ch\u00e2teau Siran<\/strong> ouvert en 2014. Plus de 7000 visiteurs par an d\u00e9couvrent dans les anciens chais des collections de vieux pichets avec des t\u00eates de personnages c\u00e9l\u00e8bres comme Napol\u00e9on, de vieilles assiettes en fa\u00efence \u00e9voquant le vin, des pi\u00e8ces de l\u2019antiquit\u00e9 vinicole. Ne manquez pas l\u2019abri anti-atomique et sa porte blind\u00e9e d\u2019une tonne et 30 cm d\u2019\u00e9paisseur, v\u00e9ritable bunker coffre-fort qui renferme maintenant tous les mill\u00e9simes du ch\u00e2teau de 1912 \u00e0 2012 !<\/p>\n<figure id=\"attachment_1270\" aria-describedby=\"caption-attachment-1270\" style=\"width: 1024px\" class=\"wp-caption alignleft\"><img loading=\"lazy\" class=\"size-full wp-image-1270\" src=\"https:\/\/vinsetvintage.fr\/wp-content\/uploads\/2017\/01\/P1030822.jpg\" alt=\"Edouard miailhe de chateau siran avec sa BMW 30CSI et son mus\u00e9e\" width=\"1024\" height=\"768\" srcset=\"https:\/\/vinsetvintage.fr\/wp-content\/uploads\/2017\/01\/P1030822.jpg 1024w, https:\/\/vinsetvintage.fr\/wp-content\/uploads\/2017\/01\/P1030822-300x225.jpg 300w, https:\/\/vinsetvintage.fr\/wp-content\/uploads\/2017\/01\/P1030822-768x576.jpg 768w\" sizes=\"(max-width: 1024px) 100vw, 1024px\" \/><figcaption id=\"caption-attachment-1270\" class=\"wp-caption-text\">L&rsquo;impressionnante collection de vieux pots \u00e0 vin est une des curiosit\u00e9s du mus\u00e9e de Ch\u00e2teau Siran.<\/figcaption><\/figure>\n<p>*<strong>Bayon-sur -Gironde<\/strong>, son \u00e9glise romane, son abside \u00e0 7 pans, et sur un impressionnant promontoire rocheux dominant la Gironde, les ch\u00e2teaux de Tayac et d\u2019Eyquem.<\/p>\n<p>*<strong>Ch\u00e2teau Loudenne<\/strong>, ravissante chartreuse XVII \u00e8me \u00e0 <strong>St Yzans-de-M\u00e9doc<\/strong> avec jardins \u00e0 l\u2019anglaise descendant vers la Gironde, et mus\u00e9e dans les chais victoriens autour du travail de la vigne sur ce cru bourgeois.<\/p>\n<p>* <strong>Blaye<\/strong> et sa citadelle construite par Vauban en surplomb de la Gironde pour bloquer l\u2019acc\u00e8s de Bordeaux \u00e0 la flotte anglaise avec, sur la rive oppos\u00e9e \u00e0 <strong>Cussac,<\/strong> Fort Medoc o\u00f9 l\u2019on rentre par la majestueuse porte Royale. La travers\u00e9e en bac sur 6 km entre Blaye et le port de Lamarque est d\u2019un d\u00e9paysement total.<\/p>\n<figure id=\"attachment_1307\" aria-describedby=\"caption-attachment-1307\" style=\"width: 1280px\" class=\"wp-caption alignleft\"><img loading=\"lazy\" class=\"size-full wp-image-1307\" src=\"https:\/\/vinsetvintage.fr\/wp-content\/uploads\/2017\/01\/citadelleBlayeUNESCO-cre\u0301dit-Alpha-Images-1-copie.jpg\" alt=\"La citadelle de Blaye construite au bord de la Gironde par Vauban pour bloquer l'acc\u00e8s \u00e0 Bordeaux.\" width=\"1280\" height=\"677\" srcset=\"https:\/\/vinsetvintage.fr\/wp-content\/uploads\/2017\/01\/citadelleBlayeUNESCO-cre\u0301dit-Alpha-Images-1-copie.jpg 1280w, https:\/\/vinsetvintage.fr\/wp-content\/uploads\/2017\/01\/citadelleBlayeUNESCO-cre\u0301dit-Alpha-Images-1-copie-300x159.jpg 300w, https:\/\/vinsetvintage.fr\/wp-content\/uploads\/2017\/01\/citadelleBlayeUNESCO-cre\u0301dit-Alpha-Images-1-copie-768x406.jpg 768w, https:\/\/vinsetvintage.fr\/wp-content\/uploads\/2017\/01\/citadelleBlayeUNESCO-cre\u0301dit-Alpha-Images-1-copie-1024x542.jpg 1024w, https:\/\/vinsetvintage.fr\/wp-content\/uploads\/2017\/01\/citadelleBlayeUNESCO-cre\u0301dit-Alpha-Images-1-copie-1140x603.jpg 1140w\" sizes=\"(max-width: 1280px) 100vw, 1280px\" \/><figcaption id=\"caption-attachment-1307\" class=\"wp-caption-text\">La citadelle Vauban de Blaye bloquait l&rsquo;acc\u00e8s \u00e0 Bordeaux par la Gironde (Alpha-Images)<\/figcaption><\/figure>\n<p>*<strong>Soulac<\/strong>, petite ville baln\u00e9aire aux charmantes maisons basses en briques et bois du XIX \u00e8me, et sa basilique romane dans laquelle on n\u2019entre pas, mais on descend ! Ce qui lui a valu d\u2019\u00eatre compl\u00e8tement ensabl\u00e9e avant d\u2019\u00eatre d\u00e9gag\u00e9e \u00e0 la fin du XIX \u00e8me. Un petit train touristique m\u00e8ne jusqu\u2019\u00e0 la Pointe de Grave.<\/p>\n<p>* <strong>Ch\u00e2teau du Bouilh<\/strong>, construit sur les plans de Victor Louis (architecte du Grand the\u00e2tre de Bordeaux). Il est rest\u00e9 inachev\u00e9 avec ses curieux communs en hemicycle.<\/p>\n<p>*<strong>Ch\u00e2teau Cos-d\u2019Estournel<\/strong>, en venant de Pauillac sur la D2, ne manquez pas, au d\u00e9tour d\u2019un virage en c\u00f4te, l\u2019apparition surr\u00e9aliste des pagodes indiennes du toit de cette batisse construite ainsi au XIX \u00e8me par son fondateur en souvenir de ses clients en Inde o\u00f9 il exportait ce grand cru aujourd\u2019hui propri\u00e9t\u00e9 de Michel Reybier. Cet ex cr\u00e9ateur de la marque Charcuteries d\u2019Aoste y a fait \u00e9difi\u00e9 un splendide chais par l\u2019architecte Jean-Michel Wilmotte.<\/p>\n<figure id=\"attachment_1309\" aria-describedby=\"caption-attachment-1309\" style=\"width: 1918px\" class=\"wp-caption alignleft\"><img loading=\"lazy\" class=\"size-full wp-image-1309\" src=\"https:\/\/vinsetvintage.fr\/wp-content\/uploads\/2017\/01\/Cha\u0302teau-Cos-dEstournel-copie-1.jpg\" alt=\"Les pittoresques toits en pagode indienne du Ch\u00e2teau Cos d'Estournel.\" width=\"1918\" height=\"944\" srcset=\"https:\/\/vinsetvintage.fr\/wp-content\/uploads\/2017\/01\/Cha\u0302teau-Cos-dEstournel-copie-1.jpg 1918w, https:\/\/vinsetvintage.fr\/wp-content\/uploads\/2017\/01\/Cha\u0302teau-Cos-dEstournel-copie-1-300x148.jpg 300w, https:\/\/vinsetvintage.fr\/wp-content\/uploads\/2017\/01\/Cha\u0302teau-Cos-dEstournel-copie-1-768x378.jpg 768w, https:\/\/vinsetvintage.fr\/wp-content\/uploads\/2017\/01\/Cha\u0302teau-Cos-dEstournel-copie-1-1024x504.jpg 1024w, https:\/\/vinsetvintage.fr\/wp-content\/uploads\/2017\/01\/Cha\u0302teau-Cos-dEstournel-copie-1-1140x561.jpg 1140w\" sizes=\"(max-width: 1918px) 100vw, 1918px\" \/><figcaption id=\"caption-attachment-1309\" class=\"wp-caption-text\">Les pittoresques toits en pagode indienne du Ch\u00e2teau Cos d&rsquo;Estournel surgissent des vignes.<\/figcaption><\/figure>\n<p>&nbsp;<\/p>\n<p>*<strong>Port de Goul\u00e9e, Saint Christoly-M\u00e9doc<\/strong>, charmants ports o\u00f9 accostaient les bateaux pour charger les barriques de vins au d\u00e9bouch\u00e9 des canaux construits par les Hollandais au XVIII \u00e8me pour assainir les terrains avec des vannes bloquant les remont\u00e9es d\u2019eau de mer.<\/p>\n<p>*<strong>Ch\u00e2teau Margaux<\/strong> , majestueux avec son escalier et ses colonnades, la plus belle fa\u00e7ade de ch\u00e2teau du M\u00e9doc construit en 1802 par l\u2019architecte Combes, \u00e9l\u00e8ve de Victor Louis. Visite des chais et de la cuverie de ce fameux Premier Grand Cru.<\/p>\n<p>*<strong>La Tour Carnet<\/strong>, cette forteresse du XII \u00e8me \u00e0 St Laurent-du-M\u00e9doc abrite un des 4 grands crus de Bernard Magrez. A noter que le mus\u00e9e de ses voitures anciennes et de ses Rolls avec lesquelles il fait visiter ses ch\u00e2teaux dans un circuit oenotouristique a maintenant \u00e9lu domicile non loin de l\u00e0 dans son Cru bourgeois du Ch\u00e2teau Les Grands Ch\u00eanes \u00e0 Saint Christoly-M\u00e9doc .<\/p>\n<figure id=\"attachment_1306\" aria-describedby=\"caption-attachment-1306\" style=\"width: 1024px\" class=\"wp-caption alignleft\"><img loading=\"lazy\" class=\"wp-image-1306 size-full\" src=\"https:\/\/vinsetvintage.fr\/wp-content\/uploads\/2017\/01\/P1010809-copie.jpg\" alt=\"Bernard Magrez et sa collection de Rolls \u00e0 La Tour Carnet\" width=\"1024\" height=\"670\" srcset=\"https:\/\/vinsetvintage.fr\/wp-content\/uploads\/2017\/01\/P1010809-copie.jpg 1024w, https:\/\/vinsetvintage.fr\/wp-content\/uploads\/2017\/01\/P1010809-copie-300x196.jpg 300w, https:\/\/vinsetvintage.fr\/wp-content\/uploads\/2017\/01\/P1010809-copie-768x503.jpg 768w\" sizes=\"(max-width: 1024px) 100vw, 1024px\" \/><figcaption id=\"caption-attachment-1306\" class=\"wp-caption-text\">Bernard Magrez et sa collection de Rolls \u00e0 La Tour Carnet<\/figcaption><\/figure>\n<p>*<strong>Bourg<\/strong>, on entre dans la ville basse par la rampe Cahoreau qui passe sous la porte de la Mer creus\u00e9e dans le rocher, pour grimper par les ruelles jusqu\u2019au ch\u00e2teau de la citadelle qui abrite un mus\u00e9e de cal\u00e8ches. Terrasse avec tr\u00e8s belle vue \u00e0 la fois sur la Dordogne, la Garonne et la Gironde. Un r\u00e9seau de salles souterraines surplombe l\u2019estuaire.<\/p>\n<p>*<strong>Moulis-en-M\u00e9doc<\/strong>, son \u00e9glise romane aux fresques XII \u00e8me-XV \u00e8me et ses sarcophages m\u00e9rovingiens.<\/p>\n<figure id=\"attachment_1314\" aria-describedby=\"caption-attachment-1314\" style=\"width: 336px\" class=\"wp-caption alignleft\"><img loading=\"lazy\" class=\" wp-image-1314\" src=\"https:\/\/vinsetvintage.fr\/wp-content\/uploads\/2017\/01\/IMG_4087-copie.jpg\" alt=\"Cordouan, le &quot;Versailles des mers&quot;\" width=\"336\" height=\"527\" srcset=\"https:\/\/vinsetvintage.fr\/wp-content\/uploads\/2017\/01\/IMG_4087-copie.jpg 1116w, https:\/\/vinsetvintage.fr\/wp-content\/uploads\/2017\/01\/IMG_4087-copie-191x300.jpg 191w, https:\/\/vinsetvintage.fr\/wp-content\/uploads\/2017\/01\/IMG_4087-copie-768x1206.jpg 768w, https:\/\/vinsetvintage.fr\/wp-content\/uploads\/2017\/01\/IMG_4087-copie-652x1024.jpg 652w\" sizes=\"(max-width: 336px) 100vw, 336px\" \/><figcaption id=\"caption-attachment-1314\" class=\"wp-caption-text\">Cordouan, le \u00ab\u00a0Versailles des mers\u00a0\u00bb(Asa-Photos)<\/figcaption><\/figure>\n<p>*<strong>Phare de Cordouan<\/strong>, en vedette au d\u00e9part de la pointe de Grave \u00e0 Port-Bloc, la visite du plus beau phare de France culminant \u00e0 67,5 m de haut, surnomm\u00e9 le \u00ab\u00a0Versailles des mers\u00a0\u00bb avec ses \u00e9tages Renaissance auxquels on acc\u00e8de par un majestueux escalier circulaire de 311 marches, son portail monumental, l\u2019appartement du Roi et la chapelle.<a href=\"http:\/\/www.phare-de-cordouan.fr\" target=\"_blank\" rel=\"noopener\" data-saferedirecturl=\"https:\/\/www.google.com\/url?hl=fr&amp;q=http:\/\/www.phare-de-cordouan.fr&amp;source=gmail&amp;ust=1485268482610000&amp;usg=AFQjCNERW8bcbG6T_Puz864rP1PHiY1S5g\">www.phare-de-cordouan.fr<\/a><\/p>\n<p>* <strong>Le Rigalet<\/strong>, charmant hameau aux petites maisons du XVIII \u00e8me au sud de Blaye.<\/p>\n<p>*<strong>Ch\u00e2teau la tour de By<\/strong>, \u00e0 B\u00e9gadan, au milieu des vignes de ce grand cru, montez en haut de cette ancienne tour de guet qui offre un somptueux panorama sur l\u2019estuaire.<\/p>\n<p>*<strong>Vertheuil<\/strong> , ancienne abbatiale du XI \u00e8me et son magnifique portail aux voussures orn\u00e9es de statues.<\/p>\n<p>*<strong>Saint Ciers-sur-Gironde<\/strong> et sa r\u00e9serve ornithologique de 120 ha avec tours d\u2019observation pour suivre les oiseaux sauvages et les migrateurs qui y font halte.<\/p>\n<p>* <strong>Promenades en kayak sur la Gironde<\/strong> depuis St Vivien de M\u00e9doc : Kayak et d\u00e9couvertes (06 88 77 53 29) ou M\u00e9doc Explorer Cano\u00eb (06 88 77 53 29)Consulter www.smiddest.fr<\/p>\n<p><strong>Le ch\u00e2teau de la Br\u00e8de<\/strong>. C\u2019est dans cette aust\u00e8re forteresse gothique entour\u00e9e de douves que se ressour\u00e7ait Montesquieu apr\u00e8s ses voyages pour \u00e9crire les \u00ab\u00a0Lettres persanes\u00a0\u00bb et \u00ab\u00a0De l\u2019esprit des lois\u00a0\u00bb. Dans le vestibule sont toujours align\u00e9es ses malles de voyage, et dans sa chambre rest\u00e9e meubl\u00e9e tr\u00e8s simplement, la chemin\u00e9e garde la trace de ses souliers quand il \u00e9crivait sur ses genoux devant le feu.<\/p>\n<figure id=\"attachment_3850\" aria-describedby=\"caption-attachment-3850\" style=\"width: 724px\" class=\"wp-caption alignleft\"><img loading=\"lazy\" class=\"size-full wp-image-3850\" src=\"https:\/\/vinsetvintage.fr\/wp-content\/uploads\/2018\/07\/La-Brede-1-A6-copie1.jpg\" alt=\"Le ch\u00e2teau de La Br\u00e8de o\u00f9 v\u00e9cut Montesquieu\" width=\"724\" height=\"422\" srcset=\"https:\/\/vinsetvintage.fr\/wp-content\/uploads\/2018\/07\/La-Brede-1-A6-copie1.jpg 724w, https:\/\/vinsetvintage.fr\/wp-content\/uploads\/2018\/07\/La-Brede-1-A6-copie1-300x175.jpg 300w\" sizes=\"(max-width: 724px) 100vw, 724px\" \/><figcaption id=\"caption-attachment-3850\" class=\"wp-caption-text\">Le ch\u00e2teau de La Br\u00e8de o\u00f9 v\u00e9cut Montesquieu<\/figcaption><\/figure>\n<p><strong><em>LE BORDEAUX ANCIEN<\/em><\/strong><\/p>\n<p>-vieilles portes Cailhau et de la Grosse Cloche<\/p>\n<p>-la place de la Bourse embl\u00e8me de l\u2019essor de la ville au XVIII \u00e9me, autour de deux b\u00e2timents \u00e0 l\u2019architecture en fer \u00e0 cheval d\u2019apr\u00e8s les plans de l\u2019architecte Gabriel\u00a0\u00a0 qui cr\u00e9a aussi la place de la Concorde \u00e0 Paris<\/p>\n<p>-le mus\u00e9e du vin et du n\u00e9goce \u00e0 Bordeaux install\u00e9 dans de belles caves vout\u00e9es du quartier des Chartrons, du nom d\u2019un ancien couvent de chartreux transform\u00e9 au 15 \u00e8me si\u00e8cle en entrep\u00f4t de vins<\/p>\n<p>*L\u2019Hotel de Lalande, 1779, un des plus beaux exemples de b\u00e2timents anciens construits par la noblesse parlementaire bordelaise. Par son superbe escalier d\u2019honneur en fer forg\u00e9, on acc\u00e8de aux pi\u00e8ces du mus\u00e9e des Arts d\u00e9coratifs<\/p>\n<figure id=\"attachment_107\" aria-describedby=\"caption-attachment-107\" style=\"width: 640px\" class=\"wp-caption alignleft\"><img loading=\"lazy\" class=\"wp-image-107 size-full\" src=\"https:\/\/vinsetvintage.fr\/wp-content\/uploads\/2016\/06\/La-Place-de-la-Bour-Credit-Thomas-Sanson.jpg\" alt=\"\" width=\"640\" height=\"427\" srcset=\"https:\/\/vinsetvintage.fr\/wp-content\/uploads\/2016\/06\/La-Place-de-la-Bour-Credit-Thomas-Sanson.jpg 640w, https:\/\/vinsetvintage.fr\/wp-content\/uploads\/2016\/06\/La-Place-de-la-Bour-Credit-Thomas-Sanson-300x200.jpg 300w\" sizes=\"(max-width: 640px) 100vw, 640px\" \/><figcaption id=\"caption-attachment-107\" class=\"wp-caption-text\">La place de la Bourse (Photo Thomas Samson)<\/figcaption><\/figure>\n<p>&nbsp;<\/p>\n<p>&nbsp;<\/p>\n<p>&nbsp;<\/p>\n<p>&nbsp;<\/p>\n<p>&nbsp;<\/p>\n<p>&nbsp;<\/p>\n<p>&nbsp;<\/p>\n<p>&nbsp;<\/p>\n<p>&nbsp;<\/p>\n<p>&nbsp;<\/p>\n<p>&nbsp;<\/p>\n<p>-la tour Pey-Berland et sa vue panoramique sur la ville et ses clochers<\/p>\n<p>-le Palais Rohan, ancien palais \u00e9piscopal du XVIII\u00e8me devenu l\u2019Hotel de ville, avec,\u00a0dans les jardins,\u00a0 le mus\u00e9e des Beaux-Arts sur l\u2019art en Europe du 15 \u00e8me\u00a0 au 20\u00e8me si\u00e8cle<\/p>\n<p>-la place du Parlement et ses fa\u00e7ades Louis XV autour d\u2019une cour pav\u00e9e<\/p>\n<p>-l\u2019Hotel particulier Frug\u00e8s chef-d\u2019oeuvre de l\u2019art nouveau<\/p>\n<p>-l\u2019Abbatiale Ste Croix et sa fa\u00e7ade de style roman saintongeais<\/p>\n<figure id=\"attachment_108\" aria-describedby=\"caption-attachment-108\" style=\"width: 640px\" class=\"wp-caption alignleft\"><img loading=\"lazy\" class=\"size-full wp-image-108\" src=\"https:\/\/vinsetvintage.fr\/wp-content\/uploads\/2016\/06\/\u00a9Anaka-La-Cite\u0301-du-Vin-3-copie.jpg\" alt=\"\" width=\"640\" height=\"427\" srcset=\"https:\/\/vinsetvintage.fr\/wp-content\/uploads\/2016\/06\/\u00a9Anaka-La-Cite\u0301-du-Vin-3-copie.jpg 640w, https:\/\/vinsetvintage.fr\/wp-content\/uploads\/2016\/06\/\u00a9Anaka-La-Cite\u0301-du-Vin-3-copie-300x200.jpg 300w\" sizes=\"(max-width: 640px) 100vw, 640px\" \/><figcaption id=\"caption-attachment-108\" class=\"wp-caption-text\">La nouvelle Cit\u00e9 du vin (Anaka)<\/figcaption><\/figure>\n<p>&nbsp;<\/p>\n<p>&nbsp;<\/p>\n<p>&nbsp;<\/p>\n<p>&nbsp;<\/p>\n<p>&nbsp;<\/p>\n<p>&nbsp;<\/p>\n<p>&nbsp;<\/p>\n<p>&nbsp;<\/p>\n<p>&nbsp;<\/p>\n<p>&nbsp;<\/p>\n<p>&nbsp;<\/p>\n<p>-la perspective XVIII \u00e8me du quai des Chartrons o\u00f9 les n\u00e9gociants en vin s\u2019\u00e9difi\u00e8rent de somptueuses demeures, et les anciens hangars portuaires devenus des commerces et des restaurants<\/p>\n<p>-l\u2019esplanade des Quinconces face \u00e0 la Garonne<\/p>\n<p>-l\u2019ancienne base sous marine allemande devenue centre d\u2019expositions<\/p>\n<p>*La Cit\u00e9 du vin, le nouveau mus\u00e9e de verre qui vient de s\u2019ouvrir 135-150 quai de Bacalan \u00e0 Bordeaux. Un voyage \u00e9tonnant\u00a0 sur l\u2019Histoire de nos ceps de vigne \u00e0 travers le monde et l\u2019\u00e9laboration de nos nectars avec d\u00e9gustations sensorielles sous forme de devinettes.<\/p>\n<figure id=\"attachment_106\" aria-describedby=\"caption-attachment-106\" style=\"width: 640px\" class=\"wp-caption alignleft\"><img loading=\"lazy\" class=\"size-full wp-image-106\" src=\"https:\/\/vinsetvintage.fr\/wp-content\/uploads\/2016\/06\/P1010877-copie-2.jpg\" alt=\"\" width=\"640\" height=\"480\" srcset=\"https:\/\/vinsetvintage.fr\/wp-content\/uploads\/2016\/06\/P1010877-copie-2.jpg 640w, https:\/\/vinsetvintage.fr\/wp-content\/uploads\/2016\/06\/P1010877-copie-2-300x225.jpg 300w\" sizes=\"(max-width: 640px) 100vw, 640px\" \/><figcaption id=\"caption-attachment-106\" class=\"wp-caption-text\">Le mus\u00e9e de voitures \u00e0 Ch\u00e2teau Carbonieux<\/figcaption><\/figure>\n<p>*<strong>Ch\u00e2teau Carbonnieux<\/strong> pour son grand cru, et son \u00e9tonnant mus\u00e9e de voitures anciennes dont des teuf teuf rarissimes comme des Donnet Zedel torpedo, Doriot-Flandrin-Parant, ou Wacheux Phaeton<\/p>\n<p>*<strong>Chateau de Portet<\/strong>s, arrivez dans ce ch\u00e2teau-jardin par bateau depuis Bordeaux 2 fois par semaine \/05 56 67 12 30 <a href=\"http:\/\/www.chateaudeportets.fr\">www.chateaudeportets.fr<\/a><\/p>\n<p>*Cave Leognan Magnum, un endroit \u00e0 Leognan o\u00f9 l\u2019on peut d\u00e9guster presque tous les vins de Pessac-Leognan sans faire la tourn\u00e9e des ch\u00e2teaux qui sont parfois ferm\u00e9s<\/p>\n<p>05 56 64 74 08<a href=\"http:\/\/www.leognanmagnum.com\">www.leognanmagnum.com<\/a><\/p>\n<p><em>\u00a0\u00a0\u00a0************************************************************************************************PUBLICITE<br \/>\n<\/em><\/p>\n<h5><em>\u00a0\u00a0\u00a0\u00a0\u00a0\u00a0\u00a0\u00a0\u00a0\u00a0\u00a0\u00a0\u00a0\u00a0\u00a0\u00a0\u00a0\u00a0\u00a0\u00a0\u00a0\u00a0\u00a0\u00a0\u00a0\u00a0\u00a0\u00a0\u00a0\u00a0\u00a0\u00a0\u00a0\u00a0\u00a0\u00a0\u00a0\u00a0\u00a0\u00a0\u00a0\u00a0 <\/em>POUR UNE HALTE UN CHOIX S&rsquo;IMPOSE<\/h5>\n<p><img src=\"https:\/\/vinsetvintage.fr\/wp-content\/uploads\/2020\/06\/logo-41.jpg\" \/><\/p>\n<p><img src=\"https:\/\/vinsetvintage.fr\/wp-content\/uploads\/2020\/06\/1902-BDX-5758-E.-Cuvillier-copie.jpg\" \/><\/p>\n<p><strong>\u00a0\u00a0\u00a0\u00a0\u00a0\u00a0\u00a0\u00a0\u00a0\u00a0\u00a0\u00a0\u00a0\u00a0\u00a0\u00a0\u00a0\u00a0\u00a0\u00a0\u00a0\u00a0\u00a0\u00a0\u00a0\u00a0\u00a0\u00a0\u00a0 LA R\u00c9F\u00c9RENCE DE L\u2019H\u00d4TELLERIE DE LUXE BORDELAISE<\/strong><\/p>\n<p>Situ\u00e9 sur la Place de la Com\u00e9die, en plein Triangle d\u2019or de la ville, et avec un parking en sous sol permettant de vous garer en toute s\u00e9curit\u00e9, l\u2019InterContinental Bordeaux &#8211; Le Grand H\u00f4tel est une l\u00e9gende de l\u2019h\u00f4tellerie depuis plus d\u2019un si\u00e8cle. Ancien h\u00f4tel particulier \u00e9rig\u00e9 en 1789 par Victor Louis, cet \u00e9difice class\u00e9 monument historique est devenu un h\u00f4tel pour la premi\u00e8re fois en 1904. Sa fa\u00e7ade n\u00e9o-classique aux colonnades de style corinthien fait face au majestueux Grand-Th\u00e9\u00e2tre de Bordeaux, achev\u00e9 dix ans plus t\u00f4t par le m\u00eame architecte. Au centre de ce quartier au riche pass\u00e9 mais en plein renouveau, l\u2019InterContinental Bordeaux &#8211; Le Grand H\u00f4tel est le point de d\u00e9part r\u00eav\u00e9 pour partir \u00e0 la d\u00e9couverte du Bordeaux d\u2019hier et d\u2019aujourd\u2019hui.<\/p>\n<p>L\u2019InterContinental Bordeaux &#8211; Le Grand H\u00f4tel poss\u00e8de 130 chambres, dont 44 suites. 21 d\u2019entre elles offrent une vue spectaculaire sur le Grand-Th\u00e9\u00e2tre (L\u2019Op\u00e9ra National de Bordeaux) et la place de la Com\u00e9die. Son d\u00e9cor \u00e9l\u00e9gant et feutr\u00e9, de style XVIII\u00e8me si\u00e8cle et Empire, a \u00e9t\u00e9 imagin\u00e9 par Jacques Garcia. Le c\u00e9l\u00e8bre d\u00e9corateur d\u2019int\u00e9rieur a sublim\u00e9 l\u2019esprit n\u00e9o-classique et cossu des lieux par son inimitable touche baroque.<\/p>\n<p>Aux r\u00eanes du restaurant gastronomique doublement \u00e9toil\u00e9\u00a0: le chef britannique vedette Gordon Ramsay. Le restaurant Le Bordeaux, sur la place de la Com\u00e9die, propose une carte faite uniquement de produits locaux et de saison.<\/p>\n<p>Autre lieu embl\u00e9matique de l\u2019h\u00f4tel, le Rooftop\u00a0: Cadre \u00e9l\u00e9gant et d\u00e9contract\u00e9 \u00e0 la fois, panorama unique \u00e0 360\u00b0 sur la cit\u00e9, atmosph\u00e8re conviviale mais exclusive\u00a0: ce lounge \u00e0 ciel ouvert est \u00ab\u00a0the place to be\u00a0\u00bb<strong>.<\/strong><\/p>\n<p>Aux niveaux sup\u00e9rieurs de l\u2019\u00e9tablissement, un espace de d\u00e9tente et de relaxation unique : le Spa Guerlain<strong>. <\/strong>Ce lieu \u00e0 part fait plonger dans un univers tout en volupt\u00e9 \u00e9voquant les thermes romains, magnifi\u00e9 par la griffe de Jacques Garcia. Le bassin de relaxation est la pi\u00e8ce-ma\u00eetresse de ce spa dot\u00e9 de 8 cabines dont 2 doubles ainsi que d\u2019un sauna, hammam, d\u2019un espace fitness et d\u2019un salon de th\u00e9.<\/p>\n<p>Le Grand H\u00f4tel compte 13 salons d\u00e9di\u00e9s aux r\u00e9ceptions, r\u00e9unions et autres s\u00e9minaires, pouvant accueillir des \u00e9v\u00e9nements jusqu\u2019\u00e0 250 personnes. D\u2019une surface totale de 1.000 m\u00b2, ils b\u00e9n\u00e9ficient tous de la lumi\u00e8re naturelle du jour et sont associ\u00e9s \u00e0 4 majestueux foyers de 55 \u00e0 120 m\u00b2.<\/p>\n<p>L\u2019\u00e9quipe de quatre concierges, tous Clefs d\u2019Or, de l\u2019InterContinental Bordeaux &#8211; Le Grand H\u00f4tel ouvre les portes de la ville et de sa r\u00e9gion. Ils con\u00e7oivent des programmes sur mesure pour faire conna\u00eetre les tr\u00e9sors locaux &#8211; parmi lesquels, bien entendu, le plus c\u00e9l\u00e8bre vignoble du monde. Par le biais de leur Conciergerie, ils font p\u00e9n\u00e9trer leurs client\u00e8les dans l\u2019univers des grands crus traditionnellement ferm\u00e9 au grand public.<\/p>\n<p>T\u00e9moin et acteur privil\u00e9gi\u00e9 de la foisonnante histoire de Bordeaux et de son exceptionnel renouveau, l\u2019InterContinental Bordeaux &#8211; Le Grand H\u00f4tel est l\u2019endroit id\u00e9al pour vivre intimement la capitale girondine.<\/p>\n<p><strong>InterContinental Bordeaux &#8211; Le Grand Hotel<\/strong><\/p>\n<p>2-5 place de la Com\u00e9die, 33000 Bordeaux, France<br \/>\nHotel Phone: + 33 (0)5 57 30 44 44<\/p>\n<p><a href=\"http:\/\/www.bordeaux.intercontinental.com\/\">www.bordeaux.intercontinental.com<\/a><\/p>\n","protected":false},"excerpt":{"rendered":"<p>Ce superbe coup\u00e9 BMW 635 CSI de 1983, qui a aussi du sang fran\u00e7ais, a \u00e9t\u00e9 la vitrine de prestige de la marque bavaroise.\u00a0 Comme la fameuse appellation Margaux dans le vignobles de Bordeaux.<\/p>\n","protected":false},"author":1,"featured_media":6878,"comment_status":"closed","ping_status":"closed","sticky":false,"template":"","format":"standard","meta":[],"categories":[4,527],"tags":[487,488,131,486,489],"yoast_head":"<!-- This site is optimized with the Yoast SEO plugin v16.2 - https:\/\/yoast.com\/wordpress\/plugins\/seo\/ -->\n<title>Une BMW 635 CSI A ancienne dans les vignes de Margaux<\/title>\n<meta name=\"description\" content=\"La BMW 635 CSI A dans les vignes de Margaux du ch\u00e2teau Monbrison, domaine familial de la famille Vonderheyden propri\u00e9taire depuis 100 ans\" \/>\n<meta name=\"robots\" content=\"index, follow, max-snippet:-1, max-image-preview:large, max-video-preview:-1\" \/>\n<link rel=\"canonical\" href=\"https:\/\/vinsetvintage.fr\/index.php\/2021\/01\/16\/bmw-635-csi\/\" \/>\n<meta property=\"og:locale\" content=\"fr_FR\" \/>\n<meta property=\"og:type\" content=\"article\" \/>\n<meta property=\"og:title\" content=\"Une BMW 635 CSI A ancienne dans les vignes de Margaux\" \/>\n<meta property=\"og:description\" content=\"La BMW 635 CSI A dans les vignes de Margaux du ch\u00e2teau Monbrison, domaine familial de la famille Vonderheyden propri\u00e9taire depuis 100 ans\" \/>\n<meta property=\"og:url\" content=\"https:\/\/vinsetvintage.fr\/index.php\/2021\/01\/16\/bmw-635-csi\/\" \/>\n<meta property=\"og:site_name\" content=\"Vins &amp; Vintage\" \/>\n<meta property=\"article:published_time\" content=\"2021-01-16T09:15:53+00:00\" \/>\n<meta property=\"article:modified_time\" content=\"2021-11-20T12:29:26+00:00\" \/>\n<meta property=\"og:image\" content=\"https:\/\/vinsetvintage.fr\/wp-content\/uploads\/2020\/11\/BMW-635-CSI.jpg\" \/>\n\t<meta property=\"og:image:width\" content=\"1811\" \/>\n\t<meta property=\"og:image:height\" content=\"1080\" \/>\n<meta name=\"twitter:card\" content=\"summary\" \/>\n<meta name=\"twitter:label1\" content=\"Dur\u00e9e de lecture est.\">\n\t<meta name=\"twitter:data1\" content=\"17 minutes\">\n<script type=\"application\/ld+json\" class=\"yoast-schema-graph\">{\"@context\":\"https:\/\/schema.org\",\"@graph\":[{\"@type\":\"WebSite\",\"@id\":\"https:\/\/vinsetvintage.fr\/#website\",\"url\":\"https:\/\/vinsetvintage.fr\/\",\"name\":\"Vins &amp; Vintage\",\"description\":\"Le premier site des passionn\\u00e9s de voitures anciennes et de bons vins\",\"potentialAction\":[{\"@type\":\"SearchAction\",\"target\":\"https:\/\/vinsetvintage.fr\/?s={search_term_string}\",\"query-input\":\"required name=search_term_string\"}],\"inLanguage\":\"fr-FR\"},{\"@type\":\"ImageObject\",\"@id\":\"https:\/\/vinsetvintage.fr\/index.php\/2021\/01\/16\/bmw-635-csi\/#primaryimage\",\"inLanguage\":\"fr-FR\",\"url\":\"https:\/\/vinsetvintage.fr\/wp-content\/uploads\/2020\/11\/BMW-635-CSI.jpg\",\"contentUrl\":\"https:\/\/vinsetvintage.fr\/wp-content\/uploads\/2020\/11\/BMW-635-CSI.jpg\",\"width\":1811,\"height\":1080,\"caption\":\"Une BMW 635 CSI dans les vignes de Margaux\"},{\"@type\":\"WebPage\",\"@id\":\"https:\/\/vinsetvintage.fr\/index.php\/2021\/01\/16\/bmw-635-csi\/#webpage\",\"url\":\"https:\/\/vinsetvintage.fr\/index.php\/2021\/01\/16\/bmw-635-csi\/\",\"name\":\"Une BMW 635 CSI A ancienne dans les vignes de Margaux\",\"isPartOf\":{\"@id\":\"https:\/\/vinsetvintage.fr\/#website\"},\"primaryImageOfPage\":{\"@id\":\"https:\/\/vinsetvintage.fr\/index.php\/2021\/01\/16\/bmw-635-csi\/#primaryimage\"},\"datePublished\":\"2021-01-16T09:15:53+00:00\",\"dateModified\":\"2021-11-20T12:29:26+00:00\",\"author\":{\"@id\":\"https:\/\/vinsetvintage.fr\/#\/schema\/person\/ef3dad701eb0ac27543a0c1d0b993da9\"},\"description\":\"La BMW 635 CSI A dans les vignes de Margaux du ch\\u00e2teau Monbrison, domaine familial de la famille Vonderheyden propri\\u00e9taire depuis 100 ans\",\"breadcrumb\":{\"@id\":\"https:\/\/vinsetvintage.fr\/index.php\/2021\/01\/16\/bmw-635-csi\/#breadcrumb\"},\"inLanguage\":\"fr-FR\",\"potentialAction\":[{\"@type\":\"ReadAction\",\"target\":[\"https:\/\/vinsetvintage.fr\/index.php\/2021\/01\/16\/bmw-635-csi\/\"]}]},{\"@type\":\"BreadcrumbList\",\"@id\":\"https:\/\/vinsetvintage.fr\/index.php\/2021\/01\/16\/bmw-635-csi\/#breadcrumb\",\"itemListElement\":[{\"@type\":\"ListItem\",\"position\":1,\"item\":{\"@type\":\"WebPage\",\"@id\":\"https:\/\/vinsetvintage.fr\/\",\"url\":\"https:\/\/vinsetvintage.fr\/\",\"name\":\"Accueil\"}},{\"@type\":\"ListItem\",\"position\":2,\"item\":{\"@id\":\"https:\/\/vinsetvintage.fr\/index.php\/2021\/01\/16\/bmw-635-csi\/#webpage\"}}]},{\"@type\":\"Person\",\"@id\":\"https:\/\/vinsetvintage.fr\/#\/schema\/person\/ef3dad701eb0ac27543a0c1d0b993da9\",\"name\":\"Philippe Genet\",\"sameAs\":[\"http:\/\/vinsetvintage.fr\"]}]}<\/script>\n<!-- \/ Yoast SEO plugin. -->","_links":{"self":[{"href":"https:\/\/vinsetvintage.fr\/index.php\/wp-json\/wp\/v2\/posts\/6871"}],"collection":[{"href":"https:\/\/vinsetvintage.fr\/index.php\/wp-json\/wp\/v2\/posts"}],"about":[{"href":"https:\/\/vinsetvintage.fr\/index.php\/wp-json\/wp\/v2\/types\/post"}],"author":[{"embeddable":true,"href":"https:\/\/vinsetvintage.fr\/index.php\/wp-json\/wp\/v2\/users\/1"}],"replies":[{"embeddable":true,"href":"https:\/\/vinsetvintage.fr\/index.php\/wp-json\/wp\/v2\/comments?post=6871"}],"version-history":[{"count":38,"href":"https:\/\/vinsetvintage.fr\/index.php\/wp-json\/wp\/v2\/posts\/6871\/revisions"}],"predecessor-version":[{"id":8409,"href":"https:\/\/vinsetvintage.fr\/index.php\/wp-json\/wp\/v2\/posts\/6871\/revisions\/8409"}],"wp:featuredmedia":[{"embeddable":true,"href":"https:\/\/vinsetvintage.fr\/index.php\/wp-json\/wp\/v2\/media\/6878"}],"wp:attachment":[{"href":"https:\/\/vinsetvintage.fr\/index.php\/wp-json\/wp\/v2\/media?parent=6871"}],"wp:term":[{"taxonomy":"category","embeddable":true,"href":"https:\/\/vinsetvintage.fr\/index.php\/wp-json\/wp\/v2\/categories?post=6871"},{"taxonomy":"post_tag","embeddable":true,"href":"https:\/\/vinsetvintage.fr\/index.php\/wp-json\/wp\/v2\/tags?post=6871"}],"curies":[{"name":"wp","href":"https:\/\/api.w.org\/{rel}","templated":true}]}}