{"id":2536,"date":"2017-11-06T08:29:30","date_gmt":"2017-11-06T07:29:30","guid":{"rendered":"https:\/\/vinsetvintage.fr\/?p=2536"},"modified":"2023-05-18T09:46:24","modified_gmt":"2023-05-18T08:46:24","slug":"cador-de-saint-emilion-adore-vieilles-citroen","status":"publish","type":"post","link":"https:\/\/vinsetvintage.fr\/index.php\/2017\/11\/06\/cador-de-saint-emilion-adore-vieilles-citroen\/","title":{"rendered":"Le cador de Saint Emilion aime les vieilles Citro\u00ebn"},"content":{"rendered":"<p><span style=\"text-decoration: underline; color: #993366;\"><em>Son vignoble achet\u00e9 en triste \u00e9tat en 1998 est aujourd&rsquo;hui un des plus grand cru du bordelais. Et cet amoureux de la marque aux chevrons en a aussi un splendide dans son garage, une C6 de 1930 !<\/em><\/span><\/p>\n<p><!--more--><\/p>\n<p>G\u00e9rard Perse et sa fille Ang\u00e9lique \/ <strong>Ch\u00e2teau Pavie<\/strong><\/p>\n<p>Andr\u00e9 Citro\u00ebn en avait fait son mod\u00e8le de prestige lorsque la Citro\u00ebn C6 sortit en 1928. Sa marque automobile, cr\u00e9\u00e9e en 1919 apr\u00e8s la reconversion de son usine d\u2019obus du quai de Javel \u00e0 Paris, \u00e9tait devenue la premi\u00e8re devant Renault et Peugeot pourtant plus anciens. A grand renfort de publicit\u00e9, allant m\u00eame jusqu\u2019\u00e0 s\u2019offrir la Tour Eiffel sur laquelle son nom scintillait pendant la nuit, il avait d\u00e9j\u00e0 vendu pr\u00e8s de 300 000 voitures. Mais avec sa Citro\u00ebn C6, ce constructeur un brin m\u00e9galo voulait frapper un grand coup en lan\u00e7ant son premier mod\u00e8le de luxe propuls\u00e9 par un moteur 6 cylindres comme les belles am\u00e9ricaines de l\u2019\u00e9poque.<\/p>\n<figure id=\"attachment_2544\" aria-describedby=\"caption-attachment-2544\" style=\"width: 1024px\" class=\"wp-caption aligncenter\"><img loading=\"lazy\" class=\"size-full wp-image-2544\" src=\"https:\/\/vinsetvintage.fr\/wp-content\/uploads\/2017\/10\/P1050497-copie.jpg\" alt=\"R\u00e9troviseur biseaut\u00e9, &quot;climatisation&quot; avec le parebrise basculant, tout \u00e9tait top \u00e0 bord.\" width=\"1024\" height=\"768\" srcset=\"https:\/\/vinsetvintage.fr\/wp-content\/uploads\/2017\/10\/P1050497-copie.jpg 1024w, https:\/\/vinsetvintage.fr\/wp-content\/uploads\/2017\/10\/P1050497-copie-300x225.jpg 300w, https:\/\/vinsetvintage.fr\/wp-content\/uploads\/2017\/10\/P1050497-copie-768x576.jpg 768w\" sizes=\"(max-width: 1024px) 100vw, 1024px\" \/><figcaption id=\"caption-attachment-2544\" class=\"wp-caption-text\">R\u00e9troviseur biseaut\u00e9, \u00ab\u00a0climatisation\u00a0\u00bb avec le parebrise basculant, tout \u00e9tait top \u00e0 bord.<\/figcaption><\/figure>\n<p>Quatre vingt dix ans plus tard, dans le Bordelais, G\u00e9rard Perse, propri\u00e9taire de Ch\u00e2teau Pavie, a fait , lui, de la Citro\u00ebn C6 son ambassadeur du prestige fran\u00e7ais qu\u2019incarne aussi son domaine. Achet\u00e9 en triste \u00e9tat en 1998, Pavie a d\u00e9croch\u00e9 en 2012 le titre tr\u00e8s envi\u00e9 de Premier Grand cru de Saint-Emilion class\u00e9 \u201cA\u201d, un privil\u00e8ge partag\u00e9 par l\u2019\u00e9lite restreinte des Cheval Blanc, Ausone et Ang\u00e9lus. \u201cJe voulais donc une voiture embl\u00e9matique de la France dont se souviendraient tous nos visiteurs chinois ou am\u00e9ricains qu\u2019on doit impressionner.<\/p>\n<figure id=\"attachment_2545\" aria-describedby=\"caption-attachment-2545\" style=\"width: 2925px\" class=\"wp-caption aligncenter\"><img loading=\"lazy\" class=\"size-full wp-image-2545\" src=\"https:\/\/vinsetvintage.fr\/wp-content\/uploads\/2017\/10\/P1050499-copie.jpg\" alt=\"Observez bien le compteur kilom\u00e9trique \u00e0 z\u00e9ro : les chiffres tournent ensuite dans une petite lucarne, comme sur les GS ou les CX 50 ans plus tard.\" width=\"2925\" height=\"1233\" srcset=\"https:\/\/vinsetvintage.fr\/wp-content\/uploads\/2017\/10\/P1050499-copie.jpg 2925w, https:\/\/vinsetvintage.fr\/wp-content\/uploads\/2017\/10\/P1050499-copie-300x126.jpg 300w, https:\/\/vinsetvintage.fr\/wp-content\/uploads\/2017\/10\/P1050499-copie-768x324.jpg 768w, https:\/\/vinsetvintage.fr\/wp-content\/uploads\/2017\/10\/P1050499-copie-1024x432.jpg 1024w, https:\/\/vinsetvintage.fr\/wp-content\/uploads\/2017\/10\/P1050499-copie-1140x481.jpg 1140w\" sizes=\"(max-width: 2925px) 100vw, 2925px\" \/><figcaption id=\"caption-attachment-2545\" class=\"wp-caption-text\">Un compteur de vitesse tournant dans une lucarne (ici \u00e0 z\u00e9ro), comme sur les\u00a0 CX 50 ans plus tard.<\/figcaption><\/figure>\n<p>C\u2019est aussi pour cela qu\u2019on a construit des salles de r\u00e9ception et de d\u00e9gustations au style monumental. Il faut qu\u2019ils se croient comme dans un d\u00e9cor de film \u00e0 Hollywood ! Et tous raffolent d\u2019\u00eatre ainsi transport\u00e9s pour sillonner notre vignoble. Preuve qu\u2019Andr\u00e9 Citro\u00ebn continue aujourd\u2019hui de frapper les esprits !\u201d Mais \u00e0 quoi tient cet attrait particulier pour la marque aux chevrons chez G\u00e9rard Perse qui a \u00e9t\u00e9 dans une vie ant\u00e9rieure, jockey de 14 \u00e0 17 ans, avant de raccrocher suite \u00e0 une m\u00e9chante chute de<\/p>\n<figure id=\"attachment_2576\" aria-describedby=\"caption-attachment-2576\" style=\"width: 1024px\" class=\"wp-caption alignleft\"><img loading=\"lazy\" class=\"size-full wp-image-2576\" src=\"https:\/\/vinsetvintage.fr\/wp-content\/uploads\/2017\/10\/P1050487-1.jpg\" alt=\"Gerard Perse et sa fille Ang\u00e9lique dans leur Citro\u00ebn C6 de 1930\" width=\"1024\" height=\"745\" srcset=\"https:\/\/vinsetvintage.fr\/wp-content\/uploads\/2017\/10\/P1050487-1.jpg 1024w, https:\/\/vinsetvintage.fr\/wp-content\/uploads\/2017\/10\/P1050487-1-300x218.jpg 300w, https:\/\/vinsetvintage.fr\/wp-content\/uploads\/2017\/10\/P1050487-1-768x559.jpg 768w\" sizes=\"(max-width: 1024px) 100vw, 1024px\" \/><figcaption id=\"caption-attachment-2576\" class=\"wp-caption-text\">Sur la calandre chrom\u00e9e, le bouchon de radiateur \u00e0 l&#8217;embl\u00e8me Citro\u00ebn n&rsquo;\u00e9tait pas qu&rsquo;esth\u00e9tique&#8230;<\/figcaption><\/figure>\n<p>cheval, peintre-d\u00e9corateur dans l\u2019entreprise paternelle, vendeur de fruits et l\u00e9gumes, propri\u00e9taire \u00e0 33 ans d\u2019un supermarch\u00e9 Champion en r\u00e9gion parisienne puis de trois autres et d\u2019un hyper au bout de huit ans ? Devenu aussi, par go\u00fbt des bonnes bouteilles, acheteur pour toutes les foires aux vins en France de ce groupe de grande distribution, c\u2019est par ce biais que G\u00e9rard Perse s\u2019est pris au jeu en rencontrant les vignerons du bordelais.<\/p>\n<figure id=\"attachment_2547\" aria-describedby=\"caption-attachment-2547\" style=\"width: 1501px\" class=\"wp-caption aligncenter\"><img loading=\"lazy\" class=\"size-full wp-image-2547\" src=\"https:\/\/vinsetvintage.fr\/wp-content\/uploads\/2017\/10\/P1050513-copie.jpg\" alt=\"Depuis le volant, le conducteur pouvait lire au bout du capot les indications de temp\u00e9rature d'eau sur le bouchon-thermom\u00e8tre du radiateur !\" width=\"1501\" height=\"1080\" srcset=\"https:\/\/vinsetvintage.fr\/wp-content\/uploads\/2017\/10\/P1050513-copie.jpg 1501w, https:\/\/vinsetvintage.fr\/wp-content\/uploads\/2017\/10\/P1050513-copie-300x216.jpg 300w, https:\/\/vinsetvintage.fr\/wp-content\/uploads\/2017\/10\/P1050513-copie-768x553.jpg 768w, https:\/\/vinsetvintage.fr\/wp-content\/uploads\/2017\/10\/P1050513-copie-1024x737.jpg 1024w, https:\/\/vinsetvintage.fr\/wp-content\/uploads\/2017\/10\/P1050513-copie-1140x820.jpg 1140w\" sizes=\"(max-width: 1501px) 100vw, 1501px\" \/><figcaption id=\"caption-attachment-2547\" class=\"wp-caption-text\">Le conducteur lisait sa temp\u00e9rature d&rsquo;eau au bout du capot\u00a0 sur le bouchon du radiateur !<\/figcaption><\/figure>\n<p>Au point de racheter un jour, sur un coup de foudre en le visitant, Ch\u00e2teau Monbousquet \u00e0 Saint-Emilion en 1993. Et de l\u2019apprendre le soir m\u00eame \u00e0 sa femme Chantal. \u201cCa m\u2019a valu une belle sc\u00e8ne de m\u00e9nage !\u201d plaisante \u2013t- il aujourd\u2019hui. Peu \u00e0 peu, l\u2019homme press\u00e9 des lin\u00e9aires qui parle avec un d\u00e9bit mitraillette a pris go\u00fbt \u00e0 ce nouveau m\u00e9tier o\u00f9 la lenteur est une vertu pour faire les meilleurs vins. Et en 1998, fortune faite en revendant tous ces magasins, il rachetait donc Ch\u00e2teau Pavie et ses 37 ha d\u00e9laiss\u00e9s malgr\u00e9 un terroir exceptionnel d\u2019une seul tenant sur un coteau et un plateau argilo-calcaire expos\u00e9s plein sud.<\/p>\n<figure id=\"attachment_2541\" aria-describedby=\"caption-attachment-2541\" style=\"width: 2604px\" class=\"wp-caption aligncenter\"><img loading=\"lazy\" class=\"size-full wp-image-2541\" src=\"https:\/\/vinsetvintage.fr\/wp-content\/uploads\/2017\/10\/P1050485.jpg\" alt=\"Quand les lames de parechocs finissaient par ressembler \u00e0 des sculptures...\" width=\"2604\" height=\"934\" srcset=\"https:\/\/vinsetvintage.fr\/wp-content\/uploads\/2017\/10\/P1050485.jpg 2604w, https:\/\/vinsetvintage.fr\/wp-content\/uploads\/2017\/10\/P1050485-300x108.jpg 300w, https:\/\/vinsetvintage.fr\/wp-content\/uploads\/2017\/10\/P1050485-768x275.jpg 768w, https:\/\/vinsetvintage.fr\/wp-content\/uploads\/2017\/10\/P1050485-1024x367.jpg 1024w, https:\/\/vinsetvintage.fr\/wp-content\/uploads\/2017\/10\/P1050485-1140x409.jpg 1140w\" sizes=\"(max-width: 2604px) 100vw, 2604px\" \/><figcaption id=\"caption-attachment-2541\" class=\"wp-caption-text\">Quand sur les voitures de l&rsquo;\u00e9poque, les lames de parechocs finissaient par devenir sculpturales&#8230;<\/figcaption><\/figure>\n<p>Le grand tournant de sa vie o\u00f9 il a quitt\u00e9 la grisaille parisienne pour s\u2019installer d\u00e9finitivement au coeur des vignes. Et se lancer dans un chantier de r\u00e9habilitation pharaonique o\u00f9 il a fini par devenir une star du vignoble. Tout en continuant de p\u00e9daler 5000 km par an sur son v\u00e9lo de course. Et sans oublier ses origines modestes dans une famille de 9 enfants \u00e9lev\u00e9s dans un HLM de la r\u00e9gion parisienne \u00e0 Maisons-Laffitte. Ni ses souvenirs et ses premi\u00e8res \u201c\u00e9motions\u201d automobiles : \u201cJ\u2019ai toujours \u00e9t\u00e9 \u00e9merveill\u00e9 par les Citro\u00ebn de mon p\u00e8re, 2CV, Ami 6, DS, CX qui ont berc\u00e9 ma jeunesse, confie \u2013t- il.<\/p>\n<figure id=\"attachment_2539\" aria-describedby=\"caption-attachment-2539\" style=\"width: 2784px\" class=\"wp-caption alignleft\"><img loading=\"lazy\" class=\"size-full wp-image-2539\" src=\"https:\/\/vinsetvintage.fr\/wp-content\/uploads\/2017\/10\/P1050429-copie1.jpg\" alt=\"La C6 s'ouvrait avec des porti\u00e8res en vis \u00e0 vis.\" width=\"2784\" height=\"1056\" srcset=\"https:\/\/vinsetvintage.fr\/wp-content\/uploads\/2017\/10\/P1050429-copie1.jpg 2784w, https:\/\/vinsetvintage.fr\/wp-content\/uploads\/2017\/10\/P1050429-copie1-300x114.jpg 300w, https:\/\/vinsetvintage.fr\/wp-content\/uploads\/2017\/10\/P1050429-copie1-768x291.jpg 768w, https:\/\/vinsetvintage.fr\/wp-content\/uploads\/2017\/10\/P1050429-copie1-1024x388.jpg 1024w, https:\/\/vinsetvintage.fr\/wp-content\/uploads\/2017\/10\/P1050429-copie1-1140x432.jpg 1140w\" sizes=\"(max-width: 2784px) 100vw, 2784px\" \/><figcaption id=\"caption-attachment-2539\" class=\"wp-caption-text\">La C6 Familiale, six places avec ses strapontins amovibles, s&rsquo;ouvrait avec des porti\u00e8res en vis \u00e0 vis.<\/figcaption><\/figure>\n<h5 style=\"text-align: center;\"><\/h5>\n<p>Mais cette Citro\u00ebn C6 de 1930 que j\u2019ai d\u00e9nich\u00e9 en 2014 dans le Jura \u00e0 D\u00f4le repr\u00e9sente pour moi l\u2019incarnation du luxe \u00e0 la fran\u00e7aise des ann\u00e9es trente o\u00f9 les automobiles \u00e9taient comme des oeuvres d\u2019art. L\u2019esth\u00e9tique et le confort pr\u00e9valait alors sur les consid\u00e9rations a\u00e9rodynamiques d\u2019aujourd\u2019hui o\u00f9 toutes voitures finissent par se ressembler. Regardez sa ligne majestueuse avec son long capot, ses hautes porti\u00e8res vitr\u00e9es comme dans un carrosse. Rien \u00e0 voir avec les autos plus basses qui ont suivi dans les ann\u00e9es cinquante. La C6, avec son luxe int\u00e9rieur et le silence de son 6 cylindres 2442 cm3 de 45 ch, \u00e9tait r\u00e9serv\u00e9e \u00e0 l\u2019\u00e9lite. N\u2019oublions pas que c\u2019\u00e9tait \u00e0 l\u2019\u00e9poque l\u2019\u00e9quivalent de nos grosses Mercedes ou BMW d\u2019aujourd\u2019hui !\u201d<\/p>\n<figure id=\"attachment_2550\" aria-describedby=\"caption-attachment-2550\" style=\"width: 1280px\" class=\"wp-caption alignleft\"><img loading=\"lazy\" class=\"size-full wp-image-2550\" src=\"https:\/\/vinsetvintage.fr\/wp-content\/uploads\/2017\/10\/P1050472-copie-2.jpg\" alt=\"Un v\u00e9ritable int\u00e9rieur de carrosse avec sa banquette o\u00f9 l'on s'enfon\u00e7ait comme dans un divan moelleux.\" width=\"1280\" height=\"960\" srcset=\"https:\/\/vinsetvintage.fr\/wp-content\/uploads\/2017\/10\/P1050472-copie-2.jpg 1280w, https:\/\/vinsetvintage.fr\/wp-content\/uploads\/2017\/10\/P1050472-copie-2-300x225.jpg 300w, https:\/\/vinsetvintage.fr\/wp-content\/uploads\/2017\/10\/P1050472-copie-2-768x576.jpg 768w, https:\/\/vinsetvintage.fr\/wp-content\/uploads\/2017\/10\/P1050472-copie-2-1024x768.jpg 1024w, https:\/\/vinsetvintage.fr\/wp-content\/uploads\/2017\/10\/P1050472-copie-2-1140x855.jpg 1140w\" sizes=\"(max-width: 1280px) 100vw, 1280px\" \/><figcaption id=\"caption-attachment-2550\" class=\"wp-caption-text\">Un int\u00e9rieur de carrosse avec sa banquette o\u00f9 l&rsquo;on s&rsquo;enfon\u00e7ait comme dans un divan moelleux.<\/figcaption><\/figure>\n<figure id=\"attachment_2543\" aria-describedby=\"caption-attachment-2543\" style=\"width: 360px\" class=\"wp-caption alignleft\"><img loading=\"lazy\" class=\" wp-image-2543\" src=\"https:\/\/vinsetvintage.fr\/wp-content\/uploads\/2017\/10\/P1050495-copie.jpg\" alt=\"Les porti\u00e8res sont de vrais oeuvres d'art avec leurs boiseries et leur garniture en velours festonn\u00e9.\" width=\"360\" height=\"543\" srcset=\"https:\/\/vinsetvintage.fr\/wp-content\/uploads\/2017\/10\/P1050495-copie.jpg 1817w, https:\/\/vinsetvintage.fr\/wp-content\/uploads\/2017\/10\/P1050495-copie-199x300.jpg 199w, https:\/\/vinsetvintage.fr\/wp-content\/uploads\/2017\/10\/P1050495-copie-768x1157.jpg 768w, https:\/\/vinsetvintage.fr\/wp-content\/uploads\/2017\/10\/P1050495-copie-680x1024.jpg 680w, https:\/\/vinsetvintage.fr\/wp-content\/uploads\/2017\/10\/P1050495-copie-1140x1718.jpg 1140w\" sizes=\"(max-width: 360px) 100vw, 360px\" \/><figcaption id=\"caption-attachment-2543\" class=\"wp-caption-text\">Les porti\u00e8res sont de vrais oeuvres d&rsquo;art avec leurs boiseries\u00a0 et leur garniture en velours galonn\u00e9.<\/figcaption><\/figure>\n<p>De fait, quand on \u201cmonte\u201d dans une Citro\u00ebn C6 (l\u2019expression \u00e9tant pleinement justifi\u00e9e apr\u00e8s avoir grimp\u00e9 sur le marche pied !) le moelleux des si\u00e8ges boudin\u00e9s surprend agr\u00e9ablement. Ils sont recouverts du m\u00eame \u00e9pais tissu en velours qui tapisse tout l\u2019habitacle \u00e0 l\u2019acoustique tr\u00e8s feutr\u00e9e. Et une douce sensation de confort vous envahit alors, pour peu qu\u2019on effleure du bout des doigts les boiseries de porti\u00e8res en acajou au moment de les refermer. \u201cLes enfants de ma fille Ang\u00e9lique, qui reprend le domaine avec son mari Henrique Da Costa, adorent quand je les emm\u00e8ne faire un tour dedans. Car c\u2019est pour eux un environnement compl\u00e8tement insolite par rapport aux int\u00e9rieurs de voitures actuelles. Rien qu\u2019en entendant le beuglement du klaxon d\u2019\u00e9poque, ils \u00e9clatent de rire !\u201d<\/p>\n<h4 style=\"text-align: center;\"><span style=\"color: #993366;\">Une voiture am\u00e9ricanis\u00e9e<\/span><\/h4>\n<p>Nouvel agr\u00e9ment au d\u00e9marrage du moteur : son ronronnement se fait tr\u00e8s discret. Normal. L\u2019audacieux Andr\u00e9 Citro\u00ebn toujours \u00e0 l\u2019aff\u00fbt des derni\u00e8res nouveaut\u00e9s techniques, en particulier chez les constructeurs am\u00e9ricains, en avait adapt\u00e9 quelques unes sur sa berline de prestige. Comme des glaces en securit plus \u00e9paisses que d\u2019habitude pour mieux insonoriser l\u2019habitacle. Et \u00e0 partir du 1 er avril 1932 les C6 seront encore plus cosy avec l\u2019innovation du \u201cmoteur flottant\u201d.<img loading=\"lazy\" class=\"alignleft size-full wp-image-2546\" src=\"https:\/\/vinsetvintage.fr\/wp-content\/uploads\/2017\/10\/P1050503-copie.jpg\" alt=\"P1050503 - copie\" width=\"1280\" height=\"960\" srcset=\"https:\/\/vinsetvintage.fr\/wp-content\/uploads\/2017\/10\/P1050503-copie.jpg 1280w, https:\/\/vinsetvintage.fr\/wp-content\/uploads\/2017\/10\/P1050503-copie-300x225.jpg 300w, https:\/\/vinsetvintage.fr\/wp-content\/uploads\/2017\/10\/P1050503-copie-768x576.jpg 768w, https:\/\/vinsetvintage.fr\/wp-content\/uploads\/2017\/10\/P1050503-copie-1024x768.jpg 1024w, https:\/\/vinsetvintage.fr\/wp-content\/uploads\/2017\/10\/P1050503-copie-1140x855.jpg 1140w\" sizes=\"(max-width: 1280px) 100vw, 1280px\" \/><\/p>\n<p>Par opposition aux moteurs qui \u00e9taient alors directement boulonn\u00e9s sur le chassis, le principe du brevet \u201cFloating power\u201d de Chrysler consistait \u00e0 les faire reposer sur des blocs de caoutchouc pour filtrer leurs vibrations et \u00e9viter leur propagation \u00e0 travers la carrosserie. Il en r\u00e9sultait un confort jusqu\u2019alors inconnu sur des automobiles. \u201cL\u2019essayer c\u2019est l\u2019adopter\u201d d\u00e9claraient \u00e0 leurs clients les concessionnaires qui mettaient des voitures de d\u00e9monstration \u00e0 leur disposition.Et Andr\u00e9 Citro\u00ebn en fera un argument publicitaire en utilisant l\u2019embl\u00e8me d\u2019un cygne pour \u00e9voquer son glissement doux et silencieux sur l\u2019eau. Comme celui d\u2019une C6 sur la route !<\/p>\n<figure id=\"attachment_2638\" aria-describedby=\"caption-attachment-2638\" style=\"width: 446px\" class=\"wp-caption aligncenter\"><img loading=\"lazy\" class=\" wp-image-2638\" src=\"https:\/\/vinsetvintage.fr\/wp-content\/uploads\/2017\/10\/106-copie.jpg\" alt=\"Le hall d'entr\u00e9e du b\u00e2timent de r\u00e9ception.\" width=\"446\" height=\"297\" srcset=\"https:\/\/vinsetvintage.fr\/wp-content\/uploads\/2017\/10\/106-copie.jpg 1898w, https:\/\/vinsetvintage.fr\/wp-content\/uploads\/2017\/10\/106-copie-300x200.jpg 300w, https:\/\/vinsetvintage.fr\/wp-content\/uploads\/2017\/10\/106-copie-768x512.jpg 768w, https:\/\/vinsetvintage.fr\/wp-content\/uploads\/2017\/10\/106-copie-1024x683.jpg 1024w, https:\/\/vinsetvintage.fr\/wp-content\/uploads\/2017\/10\/106-copie-1140x760.jpg 1140w, https:\/\/vinsetvintage.fr\/wp-content\/uploads\/2017\/10\/106-copie-900x600.jpg 900w, https:\/\/vinsetvintage.fr\/wp-content\/uploads\/2017\/10\/106-copie-600x400.jpg 600w\" sizes=\"(max-width: 446px) 100vw, 446px\" \/><figcaption id=\"caption-attachment-2638\" class=\"wp-caption-text\">Le hall \u00ab\u00a0versaillais\u00a0\u00bb du b\u00e2timent de r\u00e9ception.<\/figcaption><\/figure>\n<h6>\u00a0<strong>LA M\u00caME MARQUE AUJOURD&rsquo;HUI<\/strong><\/h6>\n<h5><span style=\"text-decoration: underline;\"><em>Citro\u00ebn C3 Aircross<\/em><\/span><\/h5>\n<p><img loading=\"lazy\" class=\"alignleft wp-image-2579\" src=\"https:\/\/vinsetvintage.fr\/wp-content\/uploads\/2017\/10\/CL-17056003.jpg\" alt=\"Citro\u00ebn C3 Aircross\" width=\"398\" height=\"201\" srcset=\"https:\/\/vinsetvintage.fr\/wp-content\/uploads\/2017\/10\/CL-17056003.jpg 1622w, https:\/\/vinsetvintage.fr\/wp-content\/uploads\/2017\/10\/CL-17056003-300x151.jpg 300w, https:\/\/vinsetvintage.fr\/wp-content\/uploads\/2017\/10\/CL-17056003-1024x517.jpg 1024w, https:\/\/vinsetvintage.fr\/wp-content\/uploads\/2017\/10\/CL-17056003-768x388.jpg 768w, https:\/\/vinsetvintage.fr\/wp-content\/uploads\/2017\/10\/CL-17056003-1536x776.jpg 1536w, https:\/\/vinsetvintage.fr\/wp-content\/uploads\/2017\/10\/CL-17056003-1320x667.jpg 1320w, https:\/\/vinsetvintage.fr\/wp-content\/uploads\/2017\/10\/CL-17056003-1140x576.jpg 1140w\" sizes=\"(max-width: 398px) 100vw, 398px\" \/><\/p>\n<p>Picasso retourne au mus\u00e9e ! Remerci\u00e9 par Citro\u00ebn apr\u00e8s 8 ans de bons et loyaux services en pr\u00eatant la renomm\u00e9e de son nom au petit monospace C3. Sorti en 2009, le voila rebaptis\u00e9 aujourd\u2019hui C3 \u201cAircross\u201d, comme \u201ctraverser l\u2019air\u201d. Une bouff\u00e9e d\u2019oxyg\u00e8ne tr\u00e8s tendance \u201coutdoor\u201d, reflet de la mode actuelle o\u00f9 les monospaces se transforment en SUV plus branch\u00e9s. Apr\u00e8s l\u2019Espace, le 3008, c\u2019est au tour du petit Citro\u00ebn de faire sa mue. Et s\u2019il n\u2019est pas le premier sur ce nouveau cr\u00e9neau en plein boom depuis l\u2019apparition du petit Renault Captur, le C3 Aircross fait la diff\u00e9rence en multipliant les \u201cplus\u201d sur la compacit\u00e9, l\u2019habitabilit\u00e9 et la modularit\u00e9&#8230;<a href=\"https:\/\/vinsetvintage.fr\/?p=2578&amp;preview=true\">lire la suite<\/a><\/p>\n<h6>OENOTOURISME<\/h6>\n<p><span style=\"text-decoration: underline;\"><em>\u00a0\u00a0\u00a0\u00a0\u00a0\u00a0\u00a0\u00a0\u00a0\u00a0\u00a0\u00a0\u00a0\u00a0\u00a0\u00a0\u00a0\u00a0\u00a0\u00a0\u00a0\u00a0\u00a0\u00a0\u00a0\u00a0\u00a0\u00a0\u00a0\u00a0\u00a0\u00a0\u00a0\u00a0\u00a0\u00a0\u00a0\u00a0\u00a0\u00a0\u00a0\u00a0\u00a0\u00a0\u00a0\u00a0\u00a0\u00a0\u00a0\u00a0\u00a0\u00a0\u00a0\u00a0\u00a0\u00a0\u00a0\u00a0\u00a0\u00a0\u00a0\u00a0\u00a0\u00a0\u00a0\u00a0\u00a0\u00a0\u00a0\u00a0\u00a0 D\u00e9gustation<br \/>\n<\/em><\/span><\/p>\n<p><img loading=\"lazy\" class=\"alignleft wp-image-2675\" src=\"https:\/\/vinsetvintage.fr\/wp-content\/uploads\/2017\/10\/0002906ETI-007.jpg\" alt=\"0002906ETI-007\" width=\"381\" height=\"278\" srcset=\"https:\/\/vinsetvintage.fr\/wp-content\/uploads\/2017\/10\/0002906ETI-007.jpg 1394w, https:\/\/vinsetvintage.fr\/wp-content\/uploads\/2017\/10\/0002906ETI-007-300x219.jpg 300w, https:\/\/vinsetvintage.fr\/wp-content\/uploads\/2017\/10\/0002906ETI-007-768x560.jpg 768w, https:\/\/vinsetvintage.fr\/wp-content\/uploads\/2017\/10\/0002906ETI-007-1024x746.jpg 1024w, https:\/\/vinsetvintage.fr\/wp-content\/uploads\/2017\/10\/0002906ETI-007-1140x831.jpg 1140w\" sizes=\"(max-width: 381px) 100vw, 381px\" \/>Tout le monde ne peut pas s&rsquo;offrir le plaisir de d\u00e9boucher un Ch\u00e2teau Pavie 2012 \u00e0 375 euros, dont les bouteilles sont d&rsquo;ailleurs vendues \u00e0 95% \u00e0 l&rsquo;\u00e9tranger, en particulier en Chine et aux Etats-Unis. De toute fa\u00e7on, ce sublime vin de tr\u00e8s longue garde, aux ar\u00f4mes et aux tanins puissants, et \u00e0 l&rsquo;extraction tr\u00e8s concentr\u00e9e, peut encore s&rsquo;affiner quelques ann\u00e9es avant d&rsquo;atteindre son summum. Pour une tabl\u00e9e plus imm\u00e9diate, reste un joli lot de consolation plus accessible : Ar\u00f4mes de Pavie \u00e0 <strong>60 \u20ac<\/strong> la bouteille. Comme son nom l&rsquo;indique, ce vin vous emm\u00e8ne olfactivement dans l&rsquo;univers raffin\u00e9 de Pavie et de son \u00e9laboration minutieuse, mais ici \u00e0 partir de vignes plus jeunes. Sa robe d&rsquo;un rubis fonc\u00e9 tr\u00e8s dense habille une belle puissance aromatique constante du terroir sur le fruit noir, avec une finale de velours tout en rondeur.<\/p>\n<figure id=\"attachment_2639\" aria-describedby=\"caption-attachment-2639\" style=\"width: 343px\" class=\"wp-caption aligncenter\"><img loading=\"lazy\" class=\" wp-image-2639\" src=\"https:\/\/vinsetvintage.fr\/wp-content\/uploads\/2017\/10\/083-copie.jpg\" alt=\"La salle de d\u00e9gustation\" width=\"343\" height=\"228\" srcset=\"https:\/\/vinsetvintage.fr\/wp-content\/uploads\/2017\/10\/083-copie.jpg 1854w, https:\/\/vinsetvintage.fr\/wp-content\/uploads\/2017\/10\/083-copie-300x200.jpg 300w, https:\/\/vinsetvintage.fr\/wp-content\/uploads\/2017\/10\/083-copie-768x512.jpg 768w, https:\/\/vinsetvintage.fr\/wp-content\/uploads\/2017\/10\/083-copie-1024x683.jpg 1024w, https:\/\/vinsetvintage.fr\/wp-content\/uploads\/2017\/10\/083-copie-1140x760.jpg 1140w, https:\/\/vinsetvintage.fr\/wp-content\/uploads\/2017\/10\/083-copie-900x600.jpg 900w, https:\/\/vinsetvintage.fr\/wp-content\/uploads\/2017\/10\/083-copie-600x400.jpg 600w\" sizes=\"(max-width: 343px) 100vw, 343px\" \/><figcaption id=\"caption-attachment-2639\" class=\"wp-caption-text\">La salle de d\u00e9gustation<\/figcaption><\/figure>\n<p>&nbsp;<\/p>\n<p><span style=\"text-decoration: underline;\"><em>\u00a0\u00a0\u00a0\u00a0\u00a0\u00a0\u00a0\u00a0\u00a0\u00a0\u00a0\u00a0\u00a0\u00a0\u00a0\u00a0\u00a0\u00a0\u00a0\u00a0\u00a0\u00a0\u00a0\u00a0\u00a0\u00a0\u00a0\u00a0\u00a0\u00a0\u00a0\u00a0\u00a0\u00a0\u00a0\u00a0\u00a0\u00a0\u00a0\u00a0\u00a0\u00a0\u00a0\u00a0\u00a0\u00a0\u00a0\u00a0\u00a0\u00a0\u00a0\u00a0\u00a0\u00a0\u00a0\u00a0\u00a0\u00a0\u00a0\u00a0\u00a0\u00a0 Profitez en pour visiter<\/em><\/span>&#8230;<\/p>\n<p>*<strong><u>SAINT-EMILION<\/u><\/strong><\/p>\n<p>Le plus beau, et le plus r\u00e9put\u00e9 village du Bordelais.<\/p>\n<p>*Accroch\u00e9 sur sa colline, au milieu d\u2019un oc\u00e9an de vignes, tel un fier navire dont le mat domine l\u2019horizon : la fl\u00e8che du clocher de 4500 tonnes b\u00e2ti au dessus de l\u2019 <strong>\u00e9glise monolithe la plus vaste d\u2019Europe.<\/strong> Avec ses 38 m de long et 20 m de large, elle a \u00e9t\u00e9 taill\u00e9e dans le rocher\u00a0pendant 40 ans au XI \u00e8me si\u00e8cle . Mais ses voutes de 11 m de hauteur sont moins \u00e9lev\u00e9es que celles de l\u2019\u00e9glise souterraine d\u2019Aubeterre-sur-Dronne (20 m) en Charente. Grimper les 196 marches du clocher offre en r\u00e9compense des efforts un magnifique panorama sur la cit\u00e9 et son vignoble.<\/p>\n<figure id=\"attachment_2600\" aria-describedby=\"caption-attachment-2600\" style=\"width: 1280px\" class=\"wp-caption alignleft\"><img loading=\"lazy\" class=\"size-full wp-image-2600\" src=\"https:\/\/vinsetvintage.fr\/wp-content\/uploads\/2017\/10\/CITE-NUIT_S-LE-CLECH_HD-12-copie.jpg\" alt=\"Le clocher au dessus de l'\u00e9glise troglodyte (photo Le Clech)\" width=\"1280\" height=\"853\" srcset=\"https:\/\/vinsetvintage.fr\/wp-content\/uploads\/2017\/10\/CITE-NUIT_S-LE-CLECH_HD-12-copie.jpg 1280w, https:\/\/vinsetvintage.fr\/wp-content\/uploads\/2017\/10\/CITE-NUIT_S-LE-CLECH_HD-12-copie-300x200.jpg 300w, https:\/\/vinsetvintage.fr\/wp-content\/uploads\/2017\/10\/CITE-NUIT_S-LE-CLECH_HD-12-copie-768x512.jpg 768w, https:\/\/vinsetvintage.fr\/wp-content\/uploads\/2017\/10\/CITE-NUIT_S-LE-CLECH_HD-12-copie-1024x682.jpg 1024w, https:\/\/vinsetvintage.fr\/wp-content\/uploads\/2017\/10\/CITE-NUIT_S-LE-CLECH_HD-12-copie-1140x760.jpg 1140w, https:\/\/vinsetvintage.fr\/wp-content\/uploads\/2017\/10\/CITE-NUIT_S-LE-CLECH_HD-12-copie-900x600.jpg 900w, https:\/\/vinsetvintage.fr\/wp-content\/uploads\/2017\/10\/CITE-NUIT_S-LE-CLECH_HD-12-copie-600x400.jpg 600w\" sizes=\"(max-width: 1280px) 100vw, 1280px\" \/><figcaption id=\"caption-attachment-2600\" class=\"wp-caption-text\">Le clocher embl\u00e9matique de Saint-Emilion au dessus de l&rsquo;\u00e9glise troglodyte (photo S.Le Clech)<\/figcaption><\/figure>\n<p>*<strong>La tour du Roy<\/strong> , donjon carr\u00e9 du XIII \u00e8me qui offre aussi en compl\u00e9ment une belle vue sur le village dans le sens oppos\u00e9 de celle du clocher<\/p>\n<p>*<strong>L\u2019ancienne \u00e9glise des Cordeliers<\/strong> et son cloitre . Le troisi\u00e8me beau point de vue sur St-Emilion o\u00f9 l\u2019on voit \u00e0 la fois le donjon et le clocher de l\u2019\u00e9glise troglodyte<\/p>\n<p>*<strong>La porte de la Cad\u00e8ne<\/strong>, spectaculaire avec sa voute en ogive entre une immense tour carr\u00e9e et un b\u00e2timent gothique. Elle jouxte la derni\u00e8re maison \u00e0 pans de bois du village. La porte de la Cad\u00e8ne, qui n\u2019a rien \u00e0 voir avec celles des fortifications, \u00e9tait inclue dans la cit\u00e9. Son nom viendrait du gascon \u201ccadena\u201d signifiant la chaine qui la fermait en s\u00e9parant la population noble de la ville haute de celle plus modeste de la ville basse.<\/p>\n<figure id=\"attachment_2618\" aria-describedby=\"caption-attachment-2618\" style=\"width: 1632px\" class=\"wp-caption alignleft\"><img loading=\"lazy\" class=\"size-full wp-image-2618\" src=\"https:\/\/vinsetvintage.fr\/wp-content\/uploads\/2017\/10\/20170905_165900_resized-copie1-1.jpg\" alt=\"Vue depuis le clocher vers la chapelle des au dessus de la place du march\u00e9.\" width=\"1632\" height=\"918\" srcset=\"https:\/\/vinsetvintage.fr\/wp-content\/uploads\/2017\/10\/20170905_165900_resized-copie1-1.jpg 1632w, https:\/\/vinsetvintage.fr\/wp-content\/uploads\/2017\/10\/20170905_165900_resized-copie1-1-300x169.jpg 300w, https:\/\/vinsetvintage.fr\/wp-content\/uploads\/2017\/10\/20170905_165900_resized-copie1-1-768x432.jpg 768w, https:\/\/vinsetvintage.fr\/wp-content\/uploads\/2017\/10\/20170905_165900_resized-copie1-1-1024x576.jpg 1024w, https:\/\/vinsetvintage.fr\/wp-content\/uploads\/2017\/10\/20170905_165900_resized-copie1-1-1140x641.jpg 1140w\" sizes=\"(max-width: 1632px) 100vw, 1632px\" \/><figcaption id=\"caption-attachment-2618\" class=\"wp-caption-text\">Vue sur la place du march\u00e9 de Saint-Emilion depuis le clocher, face \u00e0 l&rsquo;\u00e9glise des Cordeliers\u00a0 .<\/figcaption><\/figure>\n<p>&nbsp;<\/p>\n<p>&nbsp;<\/p>\n<p>*<strong>L\u2019\u00e9glise coll\u00e9giale et son clo\u00eetre<\/strong>. B\u00e2tie entre le XII \u00e8me et le XV \u00e8me elle est une des plus imposantes de Gironde. Styles roman et gothique cohabitent jusque dans le magnifique clo\u00eetre \u00e0 double colonnades torsad\u00e9es.<\/p>\n<p>*<strong>Les anciennes halles au grain<\/strong> sur la place du march\u00e9 o\u00f9 convergent toutes les ruelles de Saint- Emilion dont la fameuse en pente, le Tertre de la tente, avec son pavage chaotique.<\/p>\n<p>*<strong>Les catacombes<\/strong> et leur n\u00e9cropole avec \u00e0 l\u2019entr\u00e9e une \u00e9trange coupole \u00e0 double paroi dans laquelle grimpait un escalier . Autre curiosit\u00e9 : la grotte ermitage o\u00f9 v\u00e9cut au VIII \u00e8me si\u00e8cle St Emilion, le moine breton fondateur de la cit\u00e9, et connu pour ses miracles. Un culte se d\u00e9veloppa autour de sa v\u00e9n\u00e9ration avec la cr\u00e9ation de nombreux monast\u00e8res qui accueillaient aussi les p\u00e8lerins de St Jacques de Compostelle.<\/p>\n<figure id=\"attachment_2622\" aria-describedby=\"caption-attachment-2622\" style=\"width: 321px\" class=\"wp-caption alignleft\"><img loading=\"lazy\" class=\" wp-image-2622\" src=\"https:\/\/vinsetvintage.fr\/wp-content\/uploads\/2017\/10\/20170905_184113_resized-copie1.jpg\" alt=\"La porte Cad\u00e8ne en haut de Saint Emilion\" width=\"321\" height=\"571\" srcset=\"https:\/\/vinsetvintage.fr\/wp-content\/uploads\/2017\/10\/20170905_184113_resized-copie1.jpg 918w, https:\/\/vinsetvintage.fr\/wp-content\/uploads\/2017\/10\/20170905_184113_resized-copie1-169x300.jpg 169w, https:\/\/vinsetvintage.fr\/wp-content\/uploads\/2017\/10\/20170905_184113_resized-copie1-768x1365.jpg 768w, https:\/\/vinsetvintage.fr\/wp-content\/uploads\/2017\/10\/20170905_184113_resized-copie1-576x1024.jpg 576w\" sizes=\"(max-width: 321px) 100vw, 321px\" \/><figcaption id=\"caption-attachment-2622\" class=\"wp-caption-text\">La porte de la Cad\u00e8ne en haut de la cit\u00e9<\/figcaption><\/figure>\n<p>*<em>Dans les environs de Saint-Emilion : <\/em><\/p>\n<p><em>\u00a0<\/em>*Les deux ch\u00e2teaux forts de <strong>Puisseguin<\/strong><\/p>\n<p>*L\u2019imposant <strong>ch\u00e2teau de Castegens<\/strong> \u00e0 Belv\u00e8s-de-Castillon o\u00f9 se joue chaque ann\u00e9e le spectacle rem\u00e9morant la bataille de Castillon qui marqua la fin de la guerre de Cent Ans contre les Anglais.<\/p>\n<p>*L\u2019\u00e9glise <strong>Notre-Dame de Tayac<\/strong>, bel exemple d\u2019architecture romane qui surplombe les \u00e9tendues de vignes.<\/p>\n<p>*<strong>Montagne et ses moulins<\/strong><\/p>\n<p><strong>\u00a0<\/strong>*<strong>Saint Hippolyte<\/strong> Sur le plateau de Ferrand dominant les vignes se trouve un ch\u00e2teau du XVII \u00e8me et <strong>des grottes<\/strong> am\u00e9nag\u00e9es dans des anciennes carri\u00e8res monumentales.<\/p>\n<p>*<strong>Saint-Sulpice-de-Faleyrens<\/strong>, t\u00e9moin d\u2019un lointain pass\u00e9, en plus de son \u00e9glise romane, c\u2019est l\u00e0 que se trouvait en bord de Dordogne le port de St-Emilion, dit de pierrefitte, du nom d\u2019un <strong>menhir de 5 m\u00e8tres<\/strong> de haut qui s\u2019y dresse encore.<\/p>\n<p>*<strong>St Michel-de-Montaigne<\/strong>, \u00e0 20 km de St-Emilion. Du ch\u00e2teau du c\u00e9l\u00e8bre philosophe reste la tour du XIV \u00e8me o\u00f9 il trouvait l\u2019inspiration pour \u00e9crire. Reconstruit au XIX \u00e8me le ch\u00e2teau, tr\u00e8s marqu\u00e9 Viollet-Le-Duc, poss\u00e8de une architecture originale avec un m\u00e9lange de styles m\u00e9di\u00e9val, Renaissance et n\u00e9o-gothique<\/p>\n<p><strong><u>LIBOURNE et environs<\/u><\/strong><\/p>\n<p><strong><u>\u00a0<\/u><\/strong>*Construite comme toutes les bastides du Moyen-Age sur le mod\u00e8le \u00e0 l\u2019\u00e9querre des camps romains, l\u2019ancienne <strong>place Royale<\/strong> de Libourne bord\u00e9e d\u2019arcades est le point central de la ville o\u00f9 se tient depuis 600 ans le march\u00e9 le plus prestigieux de la r\u00e9gion le mardi, le vendredi, et le dimanche.<\/p>\n<figure id=\"attachment_2605\" aria-describedby=\"caption-attachment-2605\" style=\"width: 1280px\" class=\"wp-caption alignleft\"><img loading=\"lazy\" class=\"size-full wp-image-2605\" src=\"https:\/\/vinsetvintage.fr\/wp-content\/uploads\/2017\/10\/Libourne-MarchC\u0327_Steve-Le-Clech-IMG_1600-copie.jpg\" alt=\"La Grande place du march\u00e9 de Libourne (Photo le Clech)\" width=\"1280\" height=\"709\" srcset=\"https:\/\/vinsetvintage.fr\/wp-content\/uploads\/2017\/10\/Libourne-MarchC\u0327_Steve-Le-Clech-IMG_1600-copie.jpg 1280w, https:\/\/vinsetvintage.fr\/wp-content\/uploads\/2017\/10\/Libourne-MarchC\u0327_Steve-Le-Clech-IMG_1600-copie-300x166.jpg 300w, https:\/\/vinsetvintage.fr\/wp-content\/uploads\/2017\/10\/Libourne-MarchC\u0327_Steve-Le-Clech-IMG_1600-copie-768x425.jpg 768w, https:\/\/vinsetvintage.fr\/wp-content\/uploads\/2017\/10\/Libourne-MarchC\u0327_Steve-Le-Clech-IMG_1600-copie-1024x567.jpg 1024w, https:\/\/vinsetvintage.fr\/wp-content\/uploads\/2017\/10\/Libourne-MarchC\u0327_Steve-Le-Clech-IMG_1600-copie-1140x631.jpg 1140w\" sizes=\"(max-width: 1280px) 100vw, 1280px\" \/><figcaption id=\"caption-attachment-2605\" class=\"wp-caption-text\">La Grande place du march\u00e9 de Libourne entour\u00e9e d&rsquo;arcades (Photo S. Le Clech)<\/figcaption><\/figure>\n<p>*L\u2019<strong>H\u00f4tel de ville<\/strong>, et son beffroi du XV \u00e8me, remani\u00e9 dans un style n\u00e9o-gothique. Belle cour int\u00e9rieure<\/p>\n<p>*<strong>Le mus\u00e9e des Beaux-Arts<\/strong> avec ses collections de Rodin, Princeteau ou Jordaens au deuxi\u00e8me \u00e9tage de l\u2019H\u00f4tel de ville<\/p>\n<p>*<strong>La tour Richard et la tour Barr\u00e9e<\/strong>, vestige des anciennes fortifications en bordure des quais<\/p>\n<figure id=\"attachment_2604\" aria-describedby=\"caption-attachment-2604\" style=\"width: 1024px\" class=\"wp-caption alignleft\"><img loading=\"lazy\" class=\"size-full wp-image-2604\" src=\"https:\/\/vinsetvintage.fr\/wp-content\/uploads\/2017\/10\/Libourne-ESOG-Steve-Le-Clech-escaliers-IMG_7291-copie.jpg\" alt=\"Le grand escalier de l'ancienne caserne Proteau (Photo Le Clech)\" width=\"1024\" height=\"683\" srcset=\"https:\/\/vinsetvintage.fr\/wp-content\/uploads\/2017\/10\/Libourne-ESOG-Steve-Le-Clech-escaliers-IMG_7291-copie.jpg 1024w, https:\/\/vinsetvintage.fr\/wp-content\/uploads\/2017\/10\/Libourne-ESOG-Steve-Le-Clech-escaliers-IMG_7291-copie-300x200.jpg 300w, https:\/\/vinsetvintage.fr\/wp-content\/uploads\/2017\/10\/Libourne-ESOG-Steve-Le-Clech-escaliers-IMG_7291-copie-768x512.jpg 768w, https:\/\/vinsetvintage.fr\/wp-content\/uploads\/2017\/10\/Libourne-ESOG-Steve-Le-Clech-escaliers-IMG_7291-copie-900x600.jpg 900w, https:\/\/vinsetvintage.fr\/wp-content\/uploads\/2017\/10\/Libourne-ESOG-Steve-Le-Clech-escaliers-IMG_7291-copie-600x400.jpg 600w\" sizes=\"(max-width: 1024px) 100vw, 1024px\" \/><figcaption id=\"caption-attachment-2604\" class=\"wp-caption-text\">Le grand escalier de l&rsquo;ancienne caserne Proteau \u00e0 Libourne. (Photo S. Le Clech)<\/figcaption><\/figure>\n<p>*<strong>La chapelle Notre-Dame-de-Condat<\/strong>. Seul vestige du ch\u00e2teau de Condat, sa nef unique gothique pr\u00e9sente une particularit\u00e9 : la pr\u00e9sence \u00e0 Bordeaux de Viollet-Le-Duc a permis de la rev\u00eatir des m\u00eames peintures que celles de la Sainte Chapelle \u00e0 Paris !<\/p>\n<p>*<strong>La caserne Proteau<\/strong>, ex \u00e9cole de gendarmerie, et son splendide grand escalier de pierre. Les b\u00e2timents vont \u00eatre transform\u00e9s en h\u00f4tel de luxe.<\/p>\n<p>*<strong>Abzac<\/strong>, son <strong>ch\u00e2teau XVII \u00e8me<\/strong> \u00e0 l\u2019imposante cour carr\u00e9e entour\u00e9e de cinq b\u00e2timents \u00e0 toiture p\u00e9rigourdine s\u2019ouvre sur son vignoble. Et la terrasse du ch\u00e2teau domine la rivi\u00e8re avec \u00e0 ses pieds un imposant <strong>moulin barrage du XVIII\u00e8me.<\/strong><\/p>\n<figure id=\"attachment_2602\" aria-describedby=\"caption-attachment-2602\" style=\"width: 1280px\" class=\"wp-caption alignleft\"><img loading=\"lazy\" class=\"size-full wp-image-2602\" src=\"https:\/\/vinsetvintage.fr\/wp-content\/uploads\/2017\/10\/fac\u0327ade-Dordogne-sept-2016-2-copie.jpg\" alt=\"Le parc en terrasses du ch\u00e2teau de Vayres qui domine la Dordogne. \" width=\"1280\" height=\"726\" srcset=\"https:\/\/vinsetvintage.fr\/wp-content\/uploads\/2017\/10\/fac\u0327ade-Dordogne-sept-2016-2-copie.jpg 1280w, https:\/\/vinsetvintage.fr\/wp-content\/uploads\/2017\/10\/fac\u0327ade-Dordogne-sept-2016-2-copie-300x170.jpg 300w, https:\/\/vinsetvintage.fr\/wp-content\/uploads\/2017\/10\/fac\u0327ade-Dordogne-sept-2016-2-copie-768x436.jpg 768w, https:\/\/vinsetvintage.fr\/wp-content\/uploads\/2017\/10\/fac\u0327ade-Dordogne-sept-2016-2-copie-1024x581.jpg 1024w, https:\/\/vinsetvintage.fr\/wp-content\/uploads\/2017\/10\/fac\u0327ade-Dordogne-sept-2016-2-copie-1140x647.jpg 1140w\" sizes=\"(max-width: 1280px) 100vw, 1280px\" \/><figcaption id=\"caption-attachment-2602\" class=\"wp-caption-text\">Le parc en terrasses du ch\u00e2teau de Vayres qui domine la Dordogne.<\/figcaption><\/figure>\n<p>*<strong>Le ch\u00e2teau de Vayres<\/strong>, un des plus beaux monuments d\u2019Aquitaine, est un balcon sur la Dordogne avec ses jardins \u00e0 la fran\u00e7aise, qui descendent jusqu\u2019au bord du fleuve. Son architecture conjugue harmonieusement Moyen Age, Renaissance et classicisme du XVII \u00e8me.<\/p>\n<p>*<strong>Le Moulin de Porch\u00e8res<\/strong> Construit en pierres de taille en 1850 dans un cadre bucolique sur l\u2019Isle qui se jette \u00e0 Libourne dans la Dordogne, il est un des derniers moulins \u00e0 avoir conserv\u00e9 toutes ses machines de minoterie.<\/p>\n<p>*<strong>Guitres<\/strong> A voir, <strong>l\u2019abbatiale romane Notre-Dame ,<\/strong> perch\u00e9e sur son rocher surplombant la vall\u00e9e de l\u2019Isle, est une des plus grandes de Gironde. Elle surprend par ses dimensions et sa charpente du XV \u00e8me en forme de coque de bateau renvers\u00e9e. Autre d\u00e9tour qui vaut la peine : la gare-mus\u00e9e construite en 1875 d\u2019o\u00f9 part encore pour une promenade en for\u00eat un <strong>vieux train \u00e0<\/strong><\/p>\n<p><strong>vapeur<\/strong> avec des wagons de 1900 aux banquettes en bois.<img loading=\"lazy\" class=\"alignleft size-full wp-image-2603\" src=\"https:\/\/vinsetvintage.fr\/wp-content\/uploads\/2017\/10\/Guitres-Train-touristique-CCordonatto-CATY1189-copie.jpg\" alt=\"Guitres-Train touristique-CCordonatto-CATY1189 - copie\" width=\"1024\" height=\"557\" srcset=\"https:\/\/vinsetvintage.fr\/wp-content\/uploads\/2017\/10\/Guitres-Train-touristique-CCordonatto-CATY1189-copie.jpg 1024w, https:\/\/vinsetvintage.fr\/wp-content\/uploads\/2017\/10\/Guitres-Train-touristique-CCordonatto-CATY1189-copie-300x163.jpg 300w, https:\/\/vinsetvintage.fr\/wp-content\/uploads\/2017\/10\/Guitres-Train-touristique-CCordonatto-CATY1189-copie-768x418.jpg 768w\" sizes=\"(max-width: 1024px) 100vw, 1024px\" \/><\/p>\n<p><em>\u00a0<\/em><em>Publicit\u00e9<\/em><\/p>\n<h5>\u00a0\u00a0\u00a0\u00a0\u00a0\u00a0\u00a0\u00a0\u00a0\u00a0\u00a0\u00a0\u00a0\u00a0\u00a0\u00a0\u00a0\u00a0\u00a0\u00a0\u00a0\u00a0\u00a0\u00a0\u00a0\u00a0\u00a0\u00a0\u00a0\u00a0\u00a0\u00a0\u00a0\u00a0\u00a0\u00a0\u00a0\u00a0\u00a0\u00a0\u00a0\u00a0\u00a0\u00a0\u00a0 POUR UNE HALTE UN CHOIX S&rsquo;IMPOSE<\/h5>\n<p><img loading=\"lazy\" class=\"aligncenter\" src=\"https:\/\/vinsetvintage.fr\/wp-content\/uploads\/2023\/05\/LOGO-CHATEAU-FAGE.jpg\" width=\"294\" height=\"303\" \/><\/p>\n<p><img loading=\"lazy\" class=\"aligncenter size-full wp-image-10821\" src=\"https:\/\/vinsetvintage.fr\/wp-content\/uploads\/2023\/05\/969A8747.jpg\" alt=\"\" width=\"1920\" height=\"1080\" srcset=\"https:\/\/vinsetvintage.fr\/wp-content\/uploads\/2023\/05\/969A8747.jpg 1920w, https:\/\/vinsetvintage.fr\/wp-content\/uploads\/2023\/05\/969A8747-300x169.jpg 300w, https:\/\/vinsetvintage.fr\/wp-content\/uploads\/2023\/05\/969A8747-1024x576.jpg 1024w, https:\/\/vinsetvintage.fr\/wp-content\/uploads\/2023\/05\/969A8747-768x432.jpg 768w, https:\/\/vinsetvintage.fr\/wp-content\/uploads\/2023\/05\/969A8747-1536x864.jpg 1536w, https:\/\/vinsetvintage.fr\/wp-content\/uploads\/2023\/05\/969A8747-1320x743.jpg 1320w\" sizes=\"(max-width: 1920px) 100vw, 1920px\" \/>Envie d\u2019une escapade en tout qui\u00e9tude au c\u0153ur d\u2019un domaine viticole confidentiel ? FAGE est le country break id\u00e9al. A deux pas de Bordeaux et de Saint-\u00c9milion, l\u2019h\u00f4tel 4* affili\u00e9 \u00ab Les Collectionneurs \u00bb, propose de r\u00eaver dans l\u2019une de ses 26 chambres tr\u00e8s cosy, en pleine nature. La tranquillit\u00e9 et la douceur de vivre sont assur\u00e9es dans cette maison de famille vigneronne. Jouxtant l\u2019\u00e9tablissement, le parking accueille votre automobile en toute s\u00e9curit\u00e9 (parking non ferm\u00e9 mais veilleur de nuit sur site).<\/p>\n<p>Le restaurant, bistronomique au d\u00e9jeuner et gastronomique au d\u00eener, et sa terrasse valent \u00e9galement le d\u00e9tour, o\u00f9 avec audace, l\u2019ultra saisonnalit\u00e9 et les produits locaux sont mis \u00e0 l\u2019honneur par le Chef Cl\u00e9ment COSTES. Au fil des heures, la maison se transforme selon vos envies et vous invite \u00e0 plonger dans le monde du vin et de la belle cuisine \u00e0 travers des moments de vie quotidiens immanquables : explorer une collection de d\u00e9gustations haute en couleurs avec Gustavo, vivre l\u2019instant FAGE, un ap\u00e9ro convivial et gourmand propos\u00e9 tous les jours \u00e0 nos clients de l\u2019h\u00f4tel, ou encore suivre les pas du vigneron et d\u00e9couvrir ce m\u00e9tier passion. FAGE marie avec \u00e9l\u00e9gance le confort et les services d\u2019un h\u00f4tel 4 \u00e9toiles, et l\u2019esprit authentique d\u2019une maison de famille vigneronne. Au plaisir de vous recevoir.<\/p>\n<p><a href=\"http:\/\/www.chateaufage.com\" data-saferedirecturl=\"https:\/\/www.google.com\/url?q=http:\/\/www.chateaufage.com&amp;source=gmail&amp;ust=1684413160224000&amp;usg=AOvVaw3rvhGJoryODAzC1tWNpDBZ\">www.chateaufage.com<\/a><\/p>\n<p>05 56 68 56 16<\/p>\n<p><a href=\"mailto:welcome@chateaufage.com\">welcome@chateaufage.com<\/a><\/p>\n<p>&nbsp;<\/p>\n<p><strong>\u00a0<\/strong><\/p>\n","protected":false},"excerpt":{"rendered":"<p>Son vignoble achet\u00e9 en triste \u00e9tat en 1998 est aujourd&rsquo;hui un des plus grand cru du bordelais. Et cet amoureux de la marque aux chevrons en a aussi un splendide dans son garage, une C6 de 1930 !<\/p>\n","protected":false},"author":1,"featured_media":7893,"comment_status":"closed","ping_status":"closed","sticky":false,"template":"","format":"standard","meta":[],"categories":[4,527],"tags":[188,190,189],"yoast_head":"<!-- This site is optimized with the Yoast SEO plugin v16.2 - https:\/\/yoast.com\/wordpress\/plugins\/seo\/ -->\n<title>Le cador de Saint Emilion aime les vieilles Citroen<\/title>\n<meta name=\"description\" content=\"La Citroen C6 de ch\u00e2teau Pavie date de 1930. Un mod\u00e8le de luxe avec son 6 cylindres et son syst\u00e8me de moteur flottant qui r\u00e9duisait les vibrations\" \/>\n<meta name=\"robots\" content=\"index, follow, max-snippet:-1, max-image-preview:large, max-video-preview:-1\" \/>\n<link rel=\"canonical\" href=\"https:\/\/vinsetvintage.fr\/index.php\/2017\/11\/06\/cador-de-saint-emilion-adore-vieilles-citroen\/\" \/>\n<meta property=\"og:locale\" content=\"fr_FR\" \/>\n<meta property=\"og:type\" content=\"article\" \/>\n<meta property=\"og:title\" content=\"Le cador de Saint Emilion aime les vieilles Citroen\" \/>\n<meta property=\"og:description\" content=\"La Citroen C6 de ch\u00e2teau Pavie date de 1930. Un mod\u00e8le de luxe avec son 6 cylindres et son syst\u00e8me de moteur flottant qui r\u00e9duisait les vibrations\" \/>\n<meta property=\"og:url\" content=\"https:\/\/vinsetvintage.fr\/index.php\/2017\/11\/06\/cador-de-saint-emilion-adore-vieilles-citroen\/\" \/>\n<meta property=\"og:site_name\" content=\"Vins &amp; Vintage\" \/>\n<meta property=\"article:published_time\" content=\"2017-11-06T07:29:30+00:00\" \/>\n<meta property=\"article:modified_time\" content=\"2023-05-18T08:46:24+00:00\" \/>\n<meta property=\"og:image\" content=\"https:\/\/vinsetvintage.fr\/wp-content\/uploads\/2021\/03\/Citroe\u0308n-C6..jpg\" \/>\n\t<meta property=\"og:image:width\" content=\"1260\" \/>\n\t<meta property=\"og:image:height\" content=\"673\" \/>\n<meta name=\"twitter:card\" content=\"summary\" \/>\n<meta name=\"twitter:label1\" content=\"Dur\u00e9e de lecture est.\">\n\t<meta name=\"twitter:data1\" content=\"17 minutes\">\n<script type=\"application\/ld+json\" class=\"yoast-schema-graph\">{\"@context\":\"https:\/\/schema.org\",\"@graph\":[{\"@type\":\"WebSite\",\"@id\":\"https:\/\/vinsetvintage.fr\/#website\",\"url\":\"https:\/\/vinsetvintage.fr\/\",\"name\":\"Vins &amp; Vintage\",\"description\":\"Le premier site des passionn\\u00e9s de voitures anciennes et de bons vins\",\"potentialAction\":[{\"@type\":\"SearchAction\",\"target\":\"https:\/\/vinsetvintage.fr\/?s={search_term_string}\",\"query-input\":\"required name=search_term_string\"}],\"inLanguage\":\"fr-FR\"},{\"@type\":\"ImageObject\",\"@id\":\"https:\/\/vinsetvintage.fr\/index.php\/2017\/11\/06\/cador-de-saint-emilion-adore-vieilles-citroen\/#primaryimage\",\"inLanguage\":\"fr-FR\",\"url\":\"https:\/\/vinsetvintage.fr\/wp-content\/uploads\/2021\/03\/Citroe\\u0308n-C6..jpg\",\"contentUrl\":\"https:\/\/vinsetvintage.fr\/wp-content\/uploads\/2021\/03\/Citroe\\u0308n-C6..jpg\",\"width\":1260,\"height\":673,\"caption\":\"Citro\\u00ebn C6\"},{\"@type\":\"WebPage\",\"@id\":\"https:\/\/vinsetvintage.fr\/index.php\/2017\/11\/06\/cador-de-saint-emilion-adore-vieilles-citroen\/#webpage\",\"url\":\"https:\/\/vinsetvintage.fr\/index.php\/2017\/11\/06\/cador-de-saint-emilion-adore-vieilles-citroen\/\",\"name\":\"Le cador de Saint Emilion aime les vieilles Citroen\",\"isPartOf\":{\"@id\":\"https:\/\/vinsetvintage.fr\/#website\"},\"primaryImageOfPage\":{\"@id\":\"https:\/\/vinsetvintage.fr\/index.php\/2017\/11\/06\/cador-de-saint-emilion-adore-vieilles-citroen\/#primaryimage\"},\"datePublished\":\"2017-11-06T07:29:30+00:00\",\"dateModified\":\"2023-05-18T08:46:24+00:00\",\"author\":{\"@id\":\"https:\/\/vinsetvintage.fr\/#\/schema\/person\/ef3dad701eb0ac27543a0c1d0b993da9\"},\"description\":\"La Citroen C6 de ch\\u00e2teau Pavie date de 1930. Un mod\\u00e8le de luxe avec son 6 cylindres et son syst\\u00e8me de moteur flottant qui r\\u00e9duisait les vibrations\",\"breadcrumb\":{\"@id\":\"https:\/\/vinsetvintage.fr\/index.php\/2017\/11\/06\/cador-de-saint-emilion-adore-vieilles-citroen\/#breadcrumb\"},\"inLanguage\":\"fr-FR\",\"potentialAction\":[{\"@type\":\"ReadAction\",\"target\":[\"https:\/\/vinsetvintage.fr\/index.php\/2017\/11\/06\/cador-de-saint-emilion-adore-vieilles-citroen\/\"]}]},{\"@type\":\"BreadcrumbList\",\"@id\":\"https:\/\/vinsetvintage.fr\/index.php\/2017\/11\/06\/cador-de-saint-emilion-adore-vieilles-citroen\/#breadcrumb\",\"itemListElement\":[{\"@type\":\"ListItem\",\"position\":1,\"item\":{\"@type\":\"WebPage\",\"@id\":\"https:\/\/vinsetvintage.fr\/\",\"url\":\"https:\/\/vinsetvintage.fr\/\",\"name\":\"Accueil\"}},{\"@type\":\"ListItem\",\"position\":2,\"item\":{\"@id\":\"https:\/\/vinsetvintage.fr\/index.php\/2017\/11\/06\/cador-de-saint-emilion-adore-vieilles-citroen\/#webpage\"}}]},{\"@type\":\"Person\",\"@id\":\"https:\/\/vinsetvintage.fr\/#\/schema\/person\/ef3dad701eb0ac27543a0c1d0b993da9\",\"name\":\"Philippe Genet\",\"sameAs\":[\"http:\/\/vinsetvintage.fr\"]}]}<\/script>\n<!-- \/ Yoast SEO plugin. -->","_links":{"self":[{"href":"https:\/\/vinsetvintage.fr\/index.php\/wp-json\/wp\/v2\/posts\/2536"}],"collection":[{"href":"https:\/\/vinsetvintage.fr\/index.php\/wp-json\/wp\/v2\/posts"}],"about":[{"href":"https:\/\/vinsetvintage.fr\/index.php\/wp-json\/wp\/v2\/types\/post"}],"author":[{"embeddable":true,"href":"https:\/\/vinsetvintage.fr\/index.php\/wp-json\/wp\/v2\/users\/1"}],"replies":[{"embeddable":true,"href":"https:\/\/vinsetvintage.fr\/index.php\/wp-json\/wp\/v2\/comments?post=2536"}],"version-history":[{"count":107,"href":"https:\/\/vinsetvintage.fr\/index.php\/wp-json\/wp\/v2\/posts\/2536\/revisions"}],"predecessor-version":[{"id":10852,"href":"https:\/\/vinsetvintage.fr\/index.php\/wp-json\/wp\/v2\/posts\/2536\/revisions\/10852"}],"wp:featuredmedia":[{"embeddable":true,"href":"https:\/\/vinsetvintage.fr\/index.php\/wp-json\/wp\/v2\/media\/7893"}],"wp:attachment":[{"href":"https:\/\/vinsetvintage.fr\/index.php\/wp-json\/wp\/v2\/media?parent=2536"}],"wp:term":[{"taxonomy":"category","embeddable":true,"href":"https:\/\/vinsetvintage.fr\/index.php\/wp-json\/wp\/v2\/categories?post=2536"},{"taxonomy":"post_tag","embeddable":true,"href":"https:\/\/vinsetvintage.fr\/index.php\/wp-json\/wp\/v2\/tags?post=2536"}],"curies":[{"name":"wp","href":"https:\/\/api.w.org\/{rel}","templated":true}]}}