{"id":2262,"date":"2017-07-28T09:10:25","date_gmt":"2017-07-28T08:10:25","guid":{"rendered":"https:\/\/vinsetvintage.fr\/?p=2262"},"modified":"2023-04-08T11:08:17","modified_gmt":"2023-04-08T10:08:17","slug":"champenois-course-porsche-924-turbo","status":"publish","type":"post","link":"https:\/\/vinsetvintage.fr\/index.php\/2017\/07\/28\/champenois-course-porsche-924-turbo\/","title":{"rendered":"Un champenois en course sur Porsche 924 Turbo"},"content":{"rendered":"<div class=\"wpb-content-wrapper\"><p><span style=\"text-decoration: underline; color: #993366;\"><em>Passionn\u00e9 de vitesse, ce vigneron de la Montagne de Reims s&rsquo;est lanc\u00e9\u00a0 dans les courses de voitures historiques\u00a0avec sa\u00a0 924\u00a0 Turbo. Une Porsche qui devait initialement \u00eatre une Volkswagen ! <\/em><\/span><!--more--><\/p>\n<p><strong>Champagne Didier Herbert<\/strong><\/p>\n<p>Chez les Herbert, \u00e0 Rilly-la-Montagne pr\u00e8s de Reims, cette passion se transmet de p\u00e8re en fils depuis trois g\u00e9n\u00e9rations. Celle du champagne, bien s\u00fbr, et celle des belles voitures. Mais pour Didier Herbert se rajoute le go\u00fbt de la vitesse. Sa premi\u00e8re, d\u00e8s son permis, fut une R5 Alpine d\u2019occasion. Ca d\u00e9marrait fort ! Depuis, le virus est pass\u00e9 \u00e0 son fils Thomas : \u201cA 14 ans, mon p\u00e8re me faisait conduire dans les chemins de vignes !\u201d Puis, au contact d\u2019autres vignerons fanas, Didier Herbert s\u2019est pris au jeu de la comp\u00e9tition dans les rallyes historiques. <img loading=\"lazy\" class=\"aligncenter size-full wp-image-2251\" src=\"https:\/\/vinsetvintage.fr\/wp-content\/uploads\/2017\/07\/P1030997-copie.jpg\" alt=\"P1030997 - copie\" width=\"1009\" height=\"507\" srcset=\"https:\/\/vinsetvintage.fr\/wp-content\/uploads\/2017\/07\/P1030997-copie.jpg 1009w, https:\/\/vinsetvintage.fr\/wp-content\/uploads\/2017\/07\/P1030997-copie-300x151.jpg 300w, https:\/\/vinsetvintage.fr\/wp-content\/uploads\/2017\/07\/P1030997-copie-768x386.jpg 768w\" sizes=\"(max-width: 1009px) 100vw, 1009px\" \/>\u201cIl y a 7 ans, je me suis lanc\u00e9 avec eux en Triumph TR6, \u00e0 celui du Portugal qui est mon pr\u00e9f\u00e9r\u00e9 : primo, en octobre, on a fini les vendanges, et on y roule 3000 km en une semaine \u00e0 des vitesses \u00e9lev\u00e9es dans une super ambiance, y compris avec le public local tr\u00e8s enthousiaste. La nuit, les flashes cr\u00e9pitent tout le long. Et il m\u2019est arriv\u00e9 d\u2019entrer dans un garage directement sur le pont \u00e9l\u00e9vateur pour r\u00e9parer un probl\u00e8me m\u00e9canique ! Aussit\u00f4t, le m\u00e9cano, se faisait un plaisir de nous d\u00e9panner. Une autre fois, c&rsquo;est un plombier du coin qui s&rsquo;est mis en quatre pour nous ressouder un pot d&rsquo;\u00e9chappement. L\u00e0-bas, l&rsquo;automobile, c&rsquo;est la f\u00eate !\u201d <img loading=\"lazy\" class=\"aligncenter size-full wp-image-2252\" src=\"https:\/\/vinsetvintage.fr\/wp-content\/uploads\/2017\/07\/P1040013-copie.jpg\" alt=\"+P1040013 - copie\" width=\"1024\" height=\"768\" srcset=\"https:\/\/vinsetvintage.fr\/wp-content\/uploads\/2017\/07\/P1040013-copie.jpg 1024w, https:\/\/vinsetvintage.fr\/wp-content\/uploads\/2017\/07\/P1040013-copie-300x225.jpg 300w, https:\/\/vinsetvintage.fr\/wp-content\/uploads\/2017\/07\/P1040013-copie-768x576.jpg 768w\" sizes=\"(max-width: 1024px) 100vw, 1024px\" \/>En 2014, changement de monture avec une <strong>Porsche<\/strong> <strong>924 turbo 170 ch de 1980, pr\u00e9par\u00e9e \u00e0 180 ch<\/strong>, pour courir le Monte Carlo Historique. Un mod\u00e8le, \u00e0 <strong>moteur avant 1984 cm3 4 cylindres<\/strong> <strong>refroidi par eau<\/strong>, longtemps d\u00e9daign\u00e9 par les purs Porschistes qui ne jurent que par les \u201cnobles\u201d 911 au moteur arri\u00e8re 6 cylindres \u00e0 refroidissement par air, et \u00e0 la musique rugissante. Car au d\u00e9part, la 924, devait \u00eatre un coup\u00e9 Volkswagen (\u00e0 moteur 2 l d\u00e9riv\u00e9 de celui de l&rsquo;Audi 100) command\u00e9 au bureau d\u2019\u00e9tude Porsche de Weissach qui travaille encore aujourd&rsquo;hui discr\u00e8tement pour d&rsquo;autres constructeurs.<\/p>\n<p><img loading=\"lazy\" class=\"aligncenter size-full wp-image-2267\" src=\"https:\/\/vinsetvintage.fr\/wp-content\/uploads\/2017\/07\/P1040005-copie-2-1.jpg\" alt=\"P1040005 - copie 2\" width=\"1024\" height=\"486\" srcset=\"https:\/\/vinsetvintage.fr\/wp-content\/uploads\/2017\/07\/P1040005-copie-2-1.jpg 1024w, https:\/\/vinsetvintage.fr\/wp-content\/uploads\/2017\/07\/P1040005-copie-2-1-300x142.jpg 300w, https:\/\/vinsetvintage.fr\/wp-content\/uploads\/2017\/07\/P1040005-copie-2-1-768x365.jpg 768w, https:\/\/vinsetvintage.fr\/wp-content\/uploads\/2017\/07\/P1040005-copie-2-1-912x432.jpg 912w\" sizes=\"(max-width: 1024px) 100vw, 1024px\" \/>Nom de code du projet : EA 425. Sa silhouette,\u00a0 avec hayon- bulle en verre relevable \u00e0 l&rsquo;arri\u00e8re et phares r\u00e9tractables \u00e0 l&rsquo;avant au bout d&rsquo;un long capot avec bouclier int\u00e9gr\u00e9 ne manquait pas d&rsquo;originalit\u00e9. Sans oublier sa technologie d&rsquo;arbre de transmission avec boite de vitesses \u00e0 l&rsquo;arri\u00e8re. Mais en 1973, chez Volkswagen, le vent allait tourner pour ce projet sophistiqu\u00e9.\u00a0 Le designer Giuggiaro venait de proposer un coup\u00e9 4 places sur la base de sa nouvelle Golf \u00e0 succ\u00e8s, et donc bien plus rentable \u00e0 r\u00e9aliser : la future VW Scirocco.\u00a0 Volkswagen d\u00e9cide donc d&rsquo;arr\u00eater les frais sur le projet EA 425, et propose \u00e0 Porsche de lui racheter tout en lui offrant son usine Audi de Neckarsulm pour l&rsquo;industrialisation.\u00a0 Affaire conclue ! Un bon deal o\u00f9 tout le monde y gagne. D&rsquo;un c\u00f4t\u00e9 Volkswagen augmentait sa capacit\u00e9 de production et vendait ses moteurs Audi. <img loading=\"lazy\" class=\"aligncenter wp-image-2270\" src=\"https:\/\/vinsetvintage.fr\/wp-content\/uploads\/2017\/07\/P1040001-copie.jpg\" alt=\"P1040001 - copie\" width=\"500\" height=\"409\" srcset=\"https:\/\/vinsetvintage.fr\/wp-content\/uploads\/2017\/07\/P1040001-copie.jpg 768w, https:\/\/vinsetvintage.fr\/wp-content\/uploads\/2017\/07\/P1040001-copie-300x245.jpg 300w\" sizes=\"(max-width: 500px) 100vw, 500px\" \/>De l&rsquo;autre, le petit constructeur Porsche diversifiait sa monoculture d\u00e9clinante de la 911, mise en p\u00e9ril par le premier choc p\u00e9trolier, avec un mod\u00e8le d&rsquo;entr\u00e9e de gamme plus \u00e9conomique, et parfaitement mis au point par ses soins. Voila comment la voiture allait sortir en novembre 1975 sous le nom de Porsche 924. La premi\u00e8re ne faisait que 125 ch, alors qu&rsquo;une Golf GTI ou une Scirocco GTI\u00a0 en donnaient 110 \u00e0 l&rsquo;\u00e9poque.\u00a0 Mais son look, le nom de Porsche et sa <strong>vitesse de pointe \u00e0 204 km\/h ( 230 km\/h pour la Turbo)<\/strong> allaient faire la diff\u00e9rence. D&rsquo;autant qu&rsquo;en 23 ans d&rsquo;existence, au fil des \u00e9volutions, la puissance grimpera avec le passage au 2,5 l en 1982\u00a0 sur les 944 (163 ch) et 944 Turbo (250 ch) , puis au 3 l 16 soupapes en 1992 sur les 968 qui culmineront \u00e0 305 ch. Au final, avec ses 150 000 ventes de 1976 \u00e0 1985, la petite 924\u00a0 aura sauv\u00e9 la grande marque !<\/p>\n<p>infos@champagneherbert.fr<\/p>\n<h6><span style=\"color: #000000;\"><strong>LA M\u00caME MARQUE AUJOURD&rsquo;HUI<\/strong><\/span><\/h6>\n<p><span style=\"text-decoration: underline;\"><em>PORSCHE 718 CAYMAN\u00a0 S<\/em><\/span><\/p>\n<p><img loading=\"lazy\" class=\"alignleft wp-image-2255\" src=\"https:\/\/vinsetvintage.fr\/wp-content\/uploads\/2017\/07\/P16_0248_a5_rgb.jpg\" alt=\"Porsche 718 Cayman S\" width=\"312\" height=\"129\" srcset=\"https:\/\/vinsetvintage.fr\/wp-content\/uploads\/2017\/07\/P16_0248_a5_rgb.jpg 2162w, https:\/\/vinsetvintage.fr\/wp-content\/uploads\/2017\/07\/P16_0248_a5_rgb-300x124.jpg 300w, https:\/\/vinsetvintage.fr\/wp-content\/uploads\/2017\/07\/P16_0248_a5_rgb-1024x423.jpg 1024w, https:\/\/vinsetvintage.fr\/wp-content\/uploads\/2017\/07\/P16_0248_a5_rgb-768x317.jpg 768w, https:\/\/vinsetvintage.fr\/wp-content\/uploads\/2017\/07\/P16_0248_a5_rgb-1536x634.jpg 1536w, https:\/\/vinsetvintage.fr\/wp-content\/uploads\/2017\/07\/P16_0248_a5_rgb-2048x846.jpg 2048w, https:\/\/vinsetvintage.fr\/wp-content\/uploads\/2017\/07\/P16_0248_a5_rgb-1320x545.jpg 1320w, https:\/\/vinsetvintage.fr\/wp-content\/uploads\/2017\/07\/P16_0248_a5_rgb-1140x471.jpg 1140w\" sizes=\"(max-width: 312px) 100vw, 312px\" \/><\/p>\n<p>Soixante sept ans apr\u00e8s l&rsquo;apparition de la premi\u00e8re 356, Porsche revient au moteur 4 cylindres en en retirant deux \u00e0 son fameux Flat 6 qui avait fait la r\u00e9putation des fameuses 911. Mais les sorciers de Stuggart ont fait tr\u00e8s fort. Cette nouvelle Cayman S gagne 25 ch de plus pour atteindre 350 ch, rouler plus vite, et consommer moins ! Les \u00e9colos sont contents car elle d\u00e9gage moins de co 2, et les clients aussi, car ils se font encore plus plaisir au volant&#8230; <a href=\"https:\/\/vinsetvintage.fr\/?p=2258&amp;preview=true\">lire la suite<\/a><\/p>\n<p>&nbsp;<\/p>\n<h6><span style=\"color: #000000;\">OENOTOURISME<\/span><\/h6>\n<p><span style=\"text-decoration: underline;\"><em>\u00a0\u00a0\u00a0\u00a0\u00a0\u00a0\u00a0\u00a0\u00a0\u00a0\u00a0\u00a0\u00a0\u00a0\u00a0\u00a0\u00a0\u00a0\u00a0\u00a0\u00a0\u00a0\u00a0\u00a0\u00a0\u00a0\u00a0\u00a0\u00a0\u00a0\u00a0\u00a0\u00a0\u00a0\u00a0\u00a0\u00a0\u00a0\u00a0\u00a0\u00a0\u00a0\u00a0\u00a0\u00a0\u00a0\u00a0\u00a0\u00a0\u00a0\u00a0\u00a0\u00a0\u00a0\u00a0\u00a0\u00a0\u00a0\u00a0\u00a0\u00a0\u00a0\u00a0\u00a0\u00a0\u00a0\u00a0\u00a0\u00a0\u00a0 MON VIN PREFERE<\/em><\/span><\/p>\n<p>&nbsp;<\/p>\n<p><img loading=\"lazy\" class=\"alignleft wp-image-2272\" src=\"https:\/\/vinsetvintage.fr\/wp-content\/uploads\/2017\/07\/EPSON004-copie-1.jpg\" alt=\"\" width=\"152\" height=\"207\" srcset=\"https:\/\/vinsetvintage.fr\/wp-content\/uploads\/2017\/07\/EPSON004-copie-1.jpg 631w, https:\/\/vinsetvintage.fr\/wp-content\/uploads\/2017\/07\/EPSON004-copie-1-220x300.jpg 220w\" sizes=\"(max-width: 152px) 100vw, 152px\" \/><\/p>\n<p>&nbsp;<\/p>\n<p><strong>Pinot noir grand Cru<\/strong><\/p>\n<p>Cette cuv\u00e9e \u00e0 100 % Pinot noir issue d&rsquo;une parcelle de 20 ares sur Verzenay sort compl\u00e8tement de l&rsquo;ordinaire. Dos\u00e9e \u00e0 7 gr de sucre, elle d\u00e9gage un puissant nez vineux sur le poir\u00e9 avec une belle puissance aromatique tr\u00e8s chaude au palais sur une longue finale.\u00a0 22 \u20ac<\/p>\n<p>&nbsp;<\/p>\n<p><em><u>\u00a0\u00a0\u00a0\u00a0\u00a0\u00a0\u00a0\u00a0\u00a0\u00a0\u00a0\u00a0\u00a0\u00a0\u00a0\u00a0\u00a0\u00a0\u00a0\u00a0\u00a0\u00a0\u00a0\u00a0\u00a0\u00a0\u00a0\u00a0\u00a0\u00a0\u00a0\u00a0\u00a0\u00a0\u00a0\u00a0\u00a0\u00a0\u00a0\u00a0\u00a0\u00a0\u00a0\u00a0\u00a0\u00a0\u00a0\u00a0\u00a0\u00a0\u00a0\u00a0\u00a0\u00a0\u00a0\u00a0\u00a0\u00a0\u00a0\u00a0\u00a0 PROFITEZ EN POUR VISITER&#8230;<\/u><br \/>\n<\/em><\/p>\n<p><strong>REIMS<\/strong><\/p>\n<p>*La cath\u00e9drale, c\u00e9l\u00e8bre chef d&rsquo;oeuvre de l&rsquo;art gothique depuis 1211, o\u00f9 furent couronn\u00e9s 25 rois de France apr\u00e8s le bapt\u00eame de Clovis en 498. La plus longue de toutes avec ses 149 m, elle a \u00e9t\u00e9 miraculeusement rescap\u00e9e apr\u00e8s les destructions des bombardements de 14. Le fameux \u00ab\u00a0Ange au sourire\u00a0\u00bb, statue embl\u00e9matique du porche, peut en effet afficher son soulagement !<\/p>\n<figure id=\"attachment_2366\" aria-describedby=\"caption-attachment-2366\" style=\"width: 1536px\" class=\"wp-caption aligncenter\"><img loading=\"lazy\" class=\"size-full wp-image-2366\" src=\"https:\/\/vinsetvintage.fr\/wp-content\/uploads\/2017\/08\/CathC\u0327drale-\u220f-Carmen-Moya-10-copie.jpg\" alt=\"La cath\u00e9drale de Reims (Photo Carmen Moya)\" width=\"1536\" height=\"1024\" srcset=\"https:\/\/vinsetvintage.fr\/wp-content\/uploads\/2017\/08\/CathC\u0327drale-\u220f-Carmen-Moya-10-copie.jpg 1536w, https:\/\/vinsetvintage.fr\/wp-content\/uploads\/2017\/08\/CathC\u0327drale-\u220f-Carmen-Moya-10-copie-300x200.jpg 300w, https:\/\/vinsetvintage.fr\/wp-content\/uploads\/2017\/08\/CathC\u0327drale-\u220f-Carmen-Moya-10-copie-768x512.jpg 768w, https:\/\/vinsetvintage.fr\/wp-content\/uploads\/2017\/08\/CathC\u0327drale-\u220f-Carmen-Moya-10-copie-1024x683.jpg 1024w, https:\/\/vinsetvintage.fr\/wp-content\/uploads\/2017\/08\/CathC\u0327drale-\u220f-Carmen-Moya-10-copie-1140x760.jpg 1140w, https:\/\/vinsetvintage.fr\/wp-content\/uploads\/2017\/08\/CathC\u0327drale-\u220f-Carmen-Moya-10-copie-900x600.jpg 900w, https:\/\/vinsetvintage.fr\/wp-content\/uploads\/2017\/08\/CathC\u0327drale-\u220f-Carmen-Moya-10-copie-600x400.jpg 600w\" sizes=\"(max-width: 1536px) 100vw, 1536px\" \/><figcaption id=\"caption-attachment-2366\" class=\"wp-caption-text\">La cath\u00e9drale de Reims (Photo Carmen Moya)<\/figcaption><\/figure>\n<p>*Les caves \u00e0 champagne dans les anciennes carri\u00e8res de craie, Pommery, Veuve Cliquot et son d\u00e9dale de 20 km de galeries, Taittinger sous l\u2019ancienne abbaye Ste Nicaise, et celles de Lanson\u00a0 dont les galeries vout\u00e9es servirent de logements pendant les bombardements de la guerre de 14, et m\u00eame de chapelle avec un vestige qui subsiste aujourd\u2019hui, une statue de la Vierge toujours accroch\u00e9e sur la paroi.<\/p>\n<p>*Le festival de fa\u00e7ades Art d\u00e9co, symboles de la reconstruction de la ville d\u00e9truite \u00e0 80 % pendant la guerre de 14<\/p>\n<p>*L\u2019Hotel mus\u00e9e Le Vergeur XIII \u00e9me et Renaissance construit par un riche marchand grainetier<\/p>\n<figure id=\"attachment_1576\" aria-describedby=\"caption-attachment-1576\" style=\"width: 1024px\" class=\"wp-caption aligncenter\"><img loading=\"lazy\" class=\"size-full wp-image-1576\" src=\"https:\/\/vinsetvintage.fr\/wp-content\/uploads\/2017\/03\/BD-MusC\u0327e-Hi\u0300tel-Le-Vergeur-\u220f-Carmen-Moya-2012-2-copie.jpg\" alt=\"Le vieil H\u00f4tel le Vergeur (Photo Carmen Moya)\" width=\"1024\" height=\"683\" srcset=\"https:\/\/vinsetvintage.fr\/wp-content\/uploads\/2017\/03\/BD-MusC\u0327e-Hi\u0300tel-Le-Vergeur-\u220f-Carmen-Moya-2012-2-copie.jpg 1024w, https:\/\/vinsetvintage.fr\/wp-content\/uploads\/2017\/03\/BD-MusC\u0327e-Hi\u0300tel-Le-Vergeur-\u220f-Carmen-Moya-2012-2-copie-300x200.jpg 300w, https:\/\/vinsetvintage.fr\/wp-content\/uploads\/2017\/03\/BD-MusC\u0327e-Hi\u0300tel-Le-Vergeur-\u220f-Carmen-Moya-2012-2-copie-768x512.jpg 768w, https:\/\/vinsetvintage.fr\/wp-content\/uploads\/2017\/03\/BD-MusC\u0327e-Hi\u0300tel-Le-Vergeur-\u220f-Carmen-Moya-2012-2-copie-900x600.jpg 900w, https:\/\/vinsetvintage.fr\/wp-content\/uploads\/2017\/03\/BD-MusC\u0327e-Hi\u0300tel-Le-Vergeur-\u220f-Carmen-Moya-2012-2-copie-600x400.jpg 600w\" sizes=\"(max-width: 1024px) 100vw, 1024px\" \/><figcaption id=\"caption-attachment-1576\" class=\"wp-caption-text\">Le vieil H\u00f4tel le Vergeur (Photo Carmen Moya)<\/figcaption><\/figure>\n<p>*L\u2019abbaye St Remi, du nom de l&rsquo;\u00e9v\u00eaque qui baptisa Clovis, ses parties romanes, XVII \u00e8me et son grand clo\u00eetre<\/p>\n<p>*L&rsquo;impressionnante porte gallo-romaine de Mars du temps o\u00f9 Reims s&rsquo;appelait Durocortorum et d\u00e9passait en importance Lut\u00e8ce qui deviendra Paris<\/p>\n<p>*Le palais \u00e9piscopal du Tau et sa grande salle \u00e0 vo\u00fbte de bois en car\u00e8ne de navire renvers\u00e9e o\u00f9 se tenait le festin des rois apr\u00e8s leur sacre. Le palais abrite aujourd&rsquo;hui un mus\u00e9e sur la cath\u00e9drale o\u00f9 l&rsquo;on r\u00e9alise, en les voyant, que les statues d&rsquo;origine sur sa fa\u00e7ade mesuraient pr\u00e8s de 5 m\u00e8tres de hauteur !<\/p>\n<figure id=\"attachment_1589\" aria-describedby=\"caption-attachment-1589\" style=\"width: 1024px\" class=\"wp-caption alignleft\"><img loading=\"lazy\" class=\"wp-image-1589 size-full\" src=\"https:\/\/vinsetvintage.fr\/wp-content\/uploads\/2017\/03\/20170307_151846.jpg\" alt=\"20170307_151846\" width=\"1024\" height=\"576\" srcset=\"https:\/\/vinsetvintage.fr\/wp-content\/uploads\/2017\/03\/20170307_151846.jpg 1024w, https:\/\/vinsetvintage.fr\/wp-content\/uploads\/2017\/03\/20170307_151846-300x169.jpg 300w, https:\/\/vinsetvintage.fr\/wp-content\/uploads\/2017\/03\/20170307_151846-768x432.jpg 768w\" sizes=\"(max-width: 1024px) 100vw, 1024px\" \/><figcaption id=\"caption-attachment-1589\" class=\"wp-caption-text\">Le palais \u00e9piscopal du Tau<\/figcaption><\/figure>\n<p>*H\u00f4tel Jean-Baptiste de La Salle \u00e9difi\u00e9 \u00e0 partir de 1545. Belle cour Renaissance avec avec une tour \u00e0 escalier \u00e0 vis ajour\u00e9<\/p>\n<p>*La demeure XIII\u00e8me des comtes de Champagne<\/p>\n<p>*La villa Demoiselle, splendide t\u00e9moin de l\u2019Art Nouveau construit entre 1904 et 1908 sur la butte Ste Nicaise par Louis Majorelle pour le directeur des Caves Pommery<\/p>\n<figure id=\"attachment_1579\" aria-describedby=\"caption-attachment-1579\" style=\"width: 466px\" class=\"wp-caption aligncenter\"><img loading=\"lazy\" class=\"size-full wp-image-1579\" src=\"https:\/\/vinsetvintage.fr\/wp-content\/uploads\/2017\/03\/Villa-Demoiselle_Vranken-Pommery_1_WEB\u220fCecil-Mathieu-copie.jpg\" alt=\"\" width=\"466\" height=\"421\" srcset=\"https:\/\/vinsetvintage.fr\/wp-content\/uploads\/2017\/03\/Villa-Demoiselle_Vranken-Pommery_1_WEB\u220fCecil-Mathieu-copie.jpg 466w, https:\/\/vinsetvintage.fr\/wp-content\/uploads\/2017\/03\/Villa-Demoiselle_Vranken-Pommery_1_WEB\u220fCecil-Mathieu-copie-300x271.jpg 300w\" sizes=\"(max-width: 466px) 100vw, 466px\" \/><figcaption id=\"caption-attachment-1579\" class=\"wp-caption-text\">La villa Demoiselle au style Art nouveau (photo Cecil Mathieu)<\/figcaption><\/figure>\n<p>*Le mus\u00e9e des Beaux-arts, un des plus beaux de province avec ses collections de tableaux et de sculptures du XVI \u00e8me au XX \u00e8me : Le Nain, Boucher, Corot, Monet, Pissaro, Renoir, Gauguin, Maillo, Marquet, Foujita, Rouault, Manessier,&#8230;<\/p>\n<p>*Le phare de Verzenay, un vrai phare au milieu d&rsquo;une mer de vignes construit en 1909 par le n\u00e9gociant en champagne Joseph Goulet pour faire la promotion de sa maison. Le rez de chauss\u00e9e faisait guingette, et en 1940 les Anglais plac\u00e8rent sur le phare une batterie anti-a\u00e9rienne. Apr\u00e8s restauration\u00a0 en 1999 le Mus\u00e9e de la Vigne y a ouvert ses portes.<\/p>\n<p><em>________________________________________________________________________<\/em><em>PUBLICIT\u00c9<\/em><\/p>\n<h3>\u00a0\u00a0\u00a0\u00a0\u00a0\u00a0\u00a0\u00a0\u00a0\u00a0\u00a0\u00a0\u00a0\u00a0\u00a0\u00a0\u00a0\u00a0\u00a0\u00a0\u00a0\u00a0\u00a0\u00a0\u00a0 <span style=\"color: #993366;\">POUR UNE HALTE UN CHOIX S&rsquo;IMPOSE<\/span><\/h3>\n<p><img src=\"https:\/\/vinsetvintage.fr\/wp-content\/uploads\/2023\/04\/Logo-Sacy-par-Millesime-copie.jpg\" \/><\/p>\n<p><img loading=\"lazy\" class=\"aligncenter size-full wp-image-10702\" src=\"https:\/\/vinsetvintage.fr\/wp-content\/uploads\/2023\/04\/11-MO.png\" alt=\"\" width=\"800\" height=\"531\" srcset=\"https:\/\/vinsetvintage.fr\/wp-content\/uploads\/2023\/04\/11-MO.png 800w, https:\/\/vinsetvintage.fr\/wp-content\/uploads\/2023\/04\/11-MO-300x199.png 300w, https:\/\/vinsetvintage.fr\/wp-content\/uploads\/2023\/04\/11-MO-768x510.png 768w\" sizes=\"(max-width: 800px) 100vw, 800px\" \/><\/p>\n<p>Le Ch\u00e2teau de Sacy, appartenant \u00e0 la collection Mill\u00e9sime, se dresse sur la montagne de Reims dans le charmant village de Sacy. Cette Maison Ma\u00eetre peut accueillir tous les voyageurs passionn\u00e9s d\u2019automobiles avec un parking loin des tumultes citadins.<\/p>\n<p>En plein c\u0153ur des vignes, ce joyau intimiste offre 12 chambres et suites, un restaurant avec une cuisine raffin\u00e9e mettant en avant les produits du Terroir et un espace bien-\u00eatre Ec(h)o en collaboration avec la marque fran\u00e7aise de cosm\u00e9tique naturelle min\u00e9rale Gemology.<\/p>\n<p>Tout rappelle dans cet \u00e9crin l\u2019histoire du et de la Champagne. Une parenth\u00e8se pour vous faire vivre une exp\u00e9rience p\u00e9tillante et unique\u2026Ch\u00e2teau de Sacy, rue des Croisettes, 51500 Sacy.Informations et r\u00e9servations\u00a0: +33 (0) 26 07 60 38 \u2013 <a href=\"mailto:contact@chateaudesacy-reims.fr\">contact@chateaudesacy-reims.fr \u00a0 \u00a0<\/a><a href=\"https:\/\/www.chateaudesacy-reims.fr\/\">https:\/\/www.chateaudesacy-reims.fr\/<\/a><\/p>\n<hr \/>\n<figure id=\"attachment_2388\" aria-describedby=\"caption-attachment-2388\" style=\"width: 709px\" class=\"wp-caption aligncenter\"><img loading=\"lazy\" class=\"size-full wp-image-2388\" src=\"https:\/\/vinsetvintage.fr\/wp-content\/uploads\/2017\/08\/Les-Halles-du-Boulingrin-\u00a9-Carmen-Moya-8.jpg\" alt=\"Les Halles du Boulingrin et leur spectaculaire voute en b\u00e9ton (Photo Carmen Moya)\" width=\"709\" height=\"513\" srcset=\"https:\/\/vinsetvintage.fr\/wp-content\/uploads\/2017\/08\/Les-Halles-du-Boulingrin-\u00a9-Carmen-Moya-8.jpg 709w, https:\/\/vinsetvintage.fr\/wp-content\/uploads\/2017\/08\/Les-Halles-du-Boulingrin-\u00a9-Carmen-Moya-8-300x217.jpg 300w\" sizes=\"(max-width: 709px) 100vw, 709px\" \/><figcaption id=\"caption-attachment-2388\" class=\"wp-caption-text\">L&rsquo;\u00e9tonnante voute en b\u00e9ton arm\u00e9 des Halles du Boulingrin\u00a0 (Photo Carmen Moya)<\/figcaption><\/figure>\n<p>*Les Halles du Boulingrin et leur spectaculaire voute en b\u00e9ton de 19,85 m de haut et\u00a0 seulement 7 cm d&rsquo;\u00e9paisseur construite en 1927.<\/p>\n<p>*Le fort de\u00a0la Pompelle . Symbole de la r\u00e9sistance r\u00e9moise pendant la deuxi\u00e8me guerre mondiale, il fut le seul de la r\u00e9gion \u00e0 rester aux mains des Fran\u00e7ais jusqu&rsquo;en 1918 au prix de 12 000 morts. Am\u00e9nag\u00e9 en mus\u00e9e des tranch\u00e9es\u00a0 on y trouve une \u00e9tonnante (et unique!) collection de 500 couvre chefs de l&rsquo;arm\u00e9e allemande.<\/p>\n<p>*La biblioth\u00e8que Carnegie, chef d&rsquo;oeuvre de l&rsquo;Art D\u00e9co avec son entr\u00e9e en mosa\u00efque et son gigantesque lustre suspendu en vitrail.<\/p>\n<p>*<u>Le mus\u00e9e automobile de Reims-Champagne<\/u>, 230 autos et motos de 1908 \u00e0 nos jours, un festival de Delahaye, Delage, Panhard, et de voitures \u00e0 p\u00e9dales ! (84 Avue Georges Clemenceau\/ 03 26 82 83 84\/musee-automobile-reims-champagne.com)<\/p>\n<figure id=\"attachment_1577\" aria-describedby=\"caption-attachment-1577\" style=\"width: 1024px\" class=\"wp-caption aligncenter\"><img loading=\"lazy\" class=\"size-full wp-image-1577\" src=\"https:\/\/vinsetvintage.fr\/wp-content\/uploads\/2017\/03\/IMG_4556finaleface-horizontale-copie.jpg\" alt=\"\" width=\"1024\" height=\"575\" srcset=\"https:\/\/vinsetvintage.fr\/wp-content\/uploads\/2017\/03\/IMG_4556finaleface-horizontale-copie.jpg 1024w, https:\/\/vinsetvintage.fr\/wp-content\/uploads\/2017\/03\/IMG_4556finaleface-horizontale-copie-300x168.jpg 300w, https:\/\/vinsetvintage.fr\/wp-content\/uploads\/2017\/03\/IMG_4556finaleface-horizontale-copie-768x431.jpg 768w\" sizes=\"(max-width: 1024px) 100vw, 1024px\" \/><figcaption id=\"caption-attachment-1577\" class=\"wp-caption-text\">Le mus\u00e9e automobile de Reims<\/figcaption><\/figure>\n<p><strong>EPERNAY <\/strong>et alentours<\/p>\n<p>*Flanez le long des 1500 m de l&rsquo;avenue de Champagne pour admirer tous les h\u00f4tels particuliers o\u00f9 se sont install\u00e9es les grandes marques champenoises au dessus de leurs 110 km de caves. \u00ab\u00a0The most drinkable avenue of the world\u00a0\u00bb comme l&rsquo;avait surnomm\u00e9 Churchill qui \u00e9tait un connaisseur !<\/p>\n<p>*La tour de Castellane, construite entre 1903 et 1905 comme embl\u00e8me publicitaire de la marque de champagne. Gravir ses 237 marches vaut la peine pour contempler du haut de ses 65 m la ville d&rsquo;Epernay et la vall\u00e9e de la Marne. A voir aussi son mus\u00e9e sur l&rsquo;\u00e9laboration du champagne.<\/p>\n<p><img loading=\"lazy\" class=\"aligncenter size-full wp-image-2371\" src=\"https:\/\/vinsetvintage.fr\/wp-content\/uploads\/2017\/08\/tour-de-castellane-copie-1.jpg\" alt=\"tour de castellane - copie\" width=\"293\" height=\"508\" srcset=\"https:\/\/vinsetvintage.fr\/wp-content\/uploads\/2017\/08\/tour-de-castellane-copie-1.jpg 293w, https:\/\/vinsetvintage.fr\/wp-content\/uploads\/2017\/08\/tour-de-castellane-copie-1-173x300.jpg 173w\" sizes=\"(max-width: 293px) 100vw, 293px\" \/>*Le ch\u00e2teau Perrier, construit au XIX \u00e8me dans le style Louis XIII pour Charles Perrier propri\u00e9taire de la marque de champagne Perrier-Jouet. En 1940 il abrita le QG des arm\u00e9es britanniques, puis allemandes de 1942 \u00e0 1944. Apr\u00e8s la lib\u00e9ration de la ville par Patton, les Am\u00e9ricains s&rsquo;y \u00e9tablirent \u00e0 leur tour !<\/p>\n<p>*Le th\u00e9\u00e2tre\u00a0 Gabrielle Dorziat, du nom d&rsquo;une com\u00e9dienne n\u00e9e \u00e0 Epernay. Inaugur\u00e9 en 1902, il est un des rares th\u00e9\u00e2tre \u00e0 l&rsquo;italienne dont la machinerie est encore dans son \u00e9tat d&rsquo;origine. Mais on n&rsquo;est pas au coeur du champagne pour rien : les nudit\u00e9s all\u00e9goriques des peintures du plafond du foyer chantent l&rsquo;amour au milieu de guirlandes de raisins. Et sur la fa\u00e7ade une sculpture \u00e9voque la vigne inspirant l&rsquo;art th\u00e9\u00e2tral !<\/p>\n<figure id=\"attachment_2367\" aria-describedby=\"caption-attachment-2367\" style=\"width: 1024px\" class=\"wp-caption aligncenter\"><img loading=\"lazy\" class=\"size-full wp-image-2367\" src=\"https:\/\/vinsetvintage.fr\/wp-content\/uploads\/2017\/08\/4.jpg\" alt=\"Le ch\u00e2teau Perrier construit au XIX \u00e8me pour le paropri\u00e9taire de la marque de champagne du m\u00eame nom.\" width=\"1024\" height=\"680\" srcset=\"https:\/\/vinsetvintage.fr\/wp-content\/uploads\/2017\/08\/4.jpg 1024w, https:\/\/vinsetvintage.fr\/wp-content\/uploads\/2017\/08\/4-300x199.jpg 300w, https:\/\/vinsetvintage.fr\/wp-content\/uploads\/2017\/08\/4-768x510.jpg 768w\" sizes=\"(max-width: 1024px) 100vw, 1024px\" \/><figcaption id=\"caption-attachment-2367\" class=\"wp-caption-text\">Le ch\u00e2teau Perrier construit\u00a0 pour le propri\u00e9taire de la marque de champagne du m\u00eame nom.<\/figcaption><\/figure>\n<p>*L&rsquo;abbaye de Hautvillers, fond\u00e9e en 650, et c\u00e9l\u00e8bre par son moine Dom P\u00e9rignon (1639-1715) pour ses trouvailles novatrices dans l&rsquo;\u00e9laboration du champagne par assemblage de crus diff\u00e9rents.<\/p>\n<p>*Le ch\u00e2teau de La Marquetterie \u00e0 Pierry. Ce pur joyau Louis XV a \u00e9t\u00e9 construit en 1734 par un neveu du grand architecte Gabriel.\u00a0 Pendant la Grande guerre, le mar\u00e9chal Foch en fit son quartier g\u00e9n\u00e9ral. Et son \u00e9norme Renault \u00e0 6 roues, avec laquelle il sillonnait les champs de bataille, y est d&rsquo;ailleurs expos\u00e9e. Tomb\u00e9 sous le charme du ch\u00e2teau alors qu&rsquo;il y \u00e9tait en service \u00e0 l&rsquo;\u00e9tat major en 1915, Pierre Taittinger le racheta en 1932.<\/p>\n<figure id=\"attachment_1574\" aria-describedby=\"caption-attachment-1574\" style=\"width: 1024px\" class=\"wp-caption aligncenter\"><img loading=\"lazy\" class=\"size-full wp-image-1574\" src=\"https:\/\/vinsetvintage.fr\/wp-content\/uploads\/2017\/03\/chasse-142-copie.jpg\" alt=\"La Renault 40 CV Type CG du mar\u00e9chal Joffre\" width=\"1024\" height=\"702\" srcset=\"https:\/\/vinsetvintage.fr\/wp-content\/uploads\/2017\/03\/chasse-142-copie.jpg 1024w, https:\/\/vinsetvintage.fr\/wp-content\/uploads\/2017\/03\/chasse-142-copie-300x206.jpg 300w, https:\/\/vinsetvintage.fr\/wp-content\/uploads\/2017\/03\/chasse-142-copie-768x527.jpg 768w\" sizes=\"(max-width: 1024px) 100vw, 1024px\" \/><figcaption id=\"caption-attachment-1574\" class=\"wp-caption-text\">La Renault 40 CV Type CG du mar\u00e9chal Joffre expos\u00e9e au ch\u00e2teau de La Marquetterie \u00e0 Pierry.<\/figcaption><\/figure>\n<p>*L&rsquo;abbatiale St Pierre d&rsquo;Orbais . Avec son architecture monumentale et sa fl\u00e8che gothique qui se voit de loin, elle a \u00e9t\u00e9 \u00e9lev\u00e9e au XII \u00e8me par Jean d&rsquo;Orbais. Celui-ci en aurait fait le prototype de la cath\u00e9drale de Reims dont il sera le premier maitre d&rsquo;oeuvre.<\/p>\n<p>*Le m\u00e9morial de Dormans, sa grande tour et son ossuaire rassemblent les restes de 1500 soldats de toutes nationalit\u00e9s (dont seuls 11 furent identifi\u00e9s) qui furent tu\u00e9s pendant les combats sur le front de la Marne.<\/p>\n<figure id=\"attachment_2413\" aria-describedby=\"caption-attachment-2413\" style=\"width: 455px\" class=\"wp-caption aligncenter\"><img loading=\"lazy\" class=\" wp-image-2413\" src=\"https:\/\/vinsetvintage.fr\/wp-content\/uploads\/2017\/09\/Chevet-eau.jpg\" alt=\"L'abbatiale St pierre d'orbais\" width=\"455\" height=\"382\" srcset=\"https:\/\/vinsetvintage.fr\/wp-content\/uploads\/2017\/09\/Chevet-eau.jpg 769w, https:\/\/vinsetvintage.fr\/wp-content\/uploads\/2017\/09\/Chevet-eau-300x252.jpg 300w, https:\/\/vinsetvintage.fr\/wp-content\/uploads\/2017\/09\/Chevet-eau-768x644.jpg 768w\" sizes=\"(max-width: 455px) 100vw, 455px\" \/><figcaption id=\"caption-attachment-2413\" class=\"wp-caption-text\">L&rsquo;abbatiale St Pierre d&rsquo;Orbais<\/figcaption><\/figure>\n<p><em>\u00a0\u00a0\u00a0\u00a0\u00a0<\/em><\/p>\n<p><strong>\u00a0<\/strong>[\/vc_column_text][\/vc_column][\/vc_row]<\/p>\n<p>&nbsp;<\/p>\n<\/div>","protected":false},"excerpt":{"rendered":"<p>Passionn\u00e9 de vitesse, ce vigneron de la Montagne de Reims s&rsquo;est lanc\u00e9\u00a0 dans les courses de voitures historiques\u00a0avec sa\u00a0 924\u00a0 Turbo. Une Porsche qui devait initialement \u00eatre une Volkswagen !<\/p>\n","protected":false},"author":1,"featured_media":2250,"comment_status":"open","ping_status":"open","sticky":false,"template":"","format":"standard","meta":[],"categories":[4,527],"tags":[171,170],"yoast_head":"<!-- This site is optimized with the Yoast SEO plugin v16.2 - https:\/\/yoast.com\/wordpress\/plugins\/seo\/ -->\n<title>Un champenois en course sur Porsche 924 Turbo<\/title>\n<meta name=\"description\" content=\"Le vigneron Didier Herbert s&#039;est lanc\u00e9 dans les courses de voitures historiques avec sa Porsche 924 Turbo qui devait initialement \u00eatre une Volkswagen\" \/>\n<meta name=\"robots\" content=\"index, follow, max-snippet:-1, max-image-preview:large, max-video-preview:-1\" \/>\n<link rel=\"canonical\" href=\"https:\/\/vinsetvintage.fr\/index.php\/2017\/07\/28\/champenois-course-porsche-924-turbo\/\" \/>\n<meta property=\"og:locale\" content=\"fr_FR\" \/>\n<meta property=\"og:type\" content=\"article\" \/>\n<meta property=\"og:title\" content=\"Un champenois en course sur Porsche 924 Turbo\" \/>\n<meta property=\"og:description\" content=\"Le vigneron Didier Herbert s&#039;est lanc\u00e9 dans les courses de voitures historiques avec sa Porsche 924 Turbo qui devait initialement \u00eatre une Volkswagen\" \/>\n<meta property=\"og:url\" content=\"https:\/\/vinsetvintage.fr\/index.php\/2017\/07\/28\/champenois-course-porsche-924-turbo\/\" \/>\n<meta property=\"og:site_name\" content=\"Vins &amp; Vintage\" \/>\n<meta property=\"article:published_time\" content=\"2017-07-28T08:10:25+00:00\" \/>\n<meta property=\"article:modified_time\" content=\"2023-04-08T10:08:17+00:00\" \/>\n<meta property=\"og:image\" content=\"https:\/\/vinsetvintage.fr\/wp-content\/uploads\/2017\/07\/clair-P1030996-copie-2.jpg\" \/>\n\t<meta property=\"og:image:width\" content=\"1024\" \/>\n\t<meta property=\"og:image:height\" content=\"651\" \/>\n<meta name=\"twitter:card\" content=\"summary\" \/>\n<meta name=\"twitter:label1\" content=\"Dur\u00e9e de lecture est.\">\n\t<meta name=\"twitter:data1\" content=\"13 minutes\">\n<script type=\"application\/ld+json\" class=\"yoast-schema-graph\">{\"@context\":\"https:\/\/schema.org\",\"@graph\":[{\"@type\":\"WebSite\",\"@id\":\"https:\/\/vinsetvintage.fr\/#website\",\"url\":\"https:\/\/vinsetvintage.fr\/\",\"name\":\"Vins &amp; Vintage\",\"description\":\"Le premier site des passionn\\u00e9s de voitures anciennes et de bons vins\",\"potentialAction\":[{\"@type\":\"SearchAction\",\"target\":\"https:\/\/vinsetvintage.fr\/?s={search_term_string}\",\"query-input\":\"required name=search_term_string\"}],\"inLanguage\":\"fr-FR\"},{\"@type\":\"ImageObject\",\"@id\":\"https:\/\/vinsetvintage.fr\/index.php\/2017\/07\/28\/champenois-course-porsche-924-turbo\/#primaryimage\",\"inLanguage\":\"fr-FR\",\"url\":\"https:\/\/vinsetvintage.fr\/wp-content\/uploads\/2017\/07\/clair-P1030996-copie-2.jpg\",\"contentUrl\":\"https:\/\/vinsetvintage.fr\/wp-content\/uploads\/2017\/07\/clair-P1030996-copie-2.jpg\",\"width\":1024,\"height\":651,\"caption\":\"Un champenois en course sur Porsche 924 Turbo\"},{\"@type\":\"WebPage\",\"@id\":\"https:\/\/vinsetvintage.fr\/index.php\/2017\/07\/28\/champenois-course-porsche-924-turbo\/#webpage\",\"url\":\"https:\/\/vinsetvintage.fr\/index.php\/2017\/07\/28\/champenois-course-porsche-924-turbo\/\",\"name\":\"Un champenois en course sur Porsche 924 Turbo\",\"isPartOf\":{\"@id\":\"https:\/\/vinsetvintage.fr\/#website\"},\"primaryImageOfPage\":{\"@id\":\"https:\/\/vinsetvintage.fr\/index.php\/2017\/07\/28\/champenois-course-porsche-924-turbo\/#primaryimage\"},\"datePublished\":\"2017-07-28T08:10:25+00:00\",\"dateModified\":\"2023-04-08T10:08:17+00:00\",\"author\":{\"@id\":\"https:\/\/vinsetvintage.fr\/#\/schema\/person\/ef3dad701eb0ac27543a0c1d0b993da9\"},\"description\":\"Le vigneron Didier Herbert s'est lanc\\u00e9 dans les courses de voitures historiques avec sa Porsche 924 Turbo qui devait initialement \\u00eatre une Volkswagen\",\"breadcrumb\":{\"@id\":\"https:\/\/vinsetvintage.fr\/index.php\/2017\/07\/28\/champenois-course-porsche-924-turbo\/#breadcrumb\"},\"inLanguage\":\"fr-FR\",\"potentialAction\":[{\"@type\":\"ReadAction\",\"target\":[\"https:\/\/vinsetvintage.fr\/index.php\/2017\/07\/28\/champenois-course-porsche-924-turbo\/\"]}]},{\"@type\":\"BreadcrumbList\",\"@id\":\"https:\/\/vinsetvintage.fr\/index.php\/2017\/07\/28\/champenois-course-porsche-924-turbo\/#breadcrumb\",\"itemListElement\":[{\"@type\":\"ListItem\",\"position\":1,\"item\":{\"@type\":\"WebPage\",\"@id\":\"https:\/\/vinsetvintage.fr\/\",\"url\":\"https:\/\/vinsetvintage.fr\/\",\"name\":\"Accueil\"}},{\"@type\":\"ListItem\",\"position\":2,\"item\":{\"@id\":\"https:\/\/vinsetvintage.fr\/index.php\/2017\/07\/28\/champenois-course-porsche-924-turbo\/#webpage\"}}]},{\"@type\":\"Person\",\"@id\":\"https:\/\/vinsetvintage.fr\/#\/schema\/person\/ef3dad701eb0ac27543a0c1d0b993da9\",\"name\":\"Philippe Genet\",\"sameAs\":[\"http:\/\/vinsetvintage.fr\"]}]}<\/script>\n<!-- \/ Yoast SEO plugin. -->","_links":{"self":[{"href":"https:\/\/vinsetvintage.fr\/index.php\/wp-json\/wp\/v2\/posts\/2262"}],"collection":[{"href":"https:\/\/vinsetvintage.fr\/index.php\/wp-json\/wp\/v2\/posts"}],"about":[{"href":"https:\/\/vinsetvintage.fr\/index.php\/wp-json\/wp\/v2\/types\/post"}],"author":[{"embeddable":true,"href":"https:\/\/vinsetvintage.fr\/index.php\/wp-json\/wp\/v2\/users\/1"}],"replies":[{"embeddable":true,"href":"https:\/\/vinsetvintage.fr\/index.php\/wp-json\/wp\/v2\/comments?post=2262"}],"version-history":[{"count":47,"href":"https:\/\/vinsetvintage.fr\/index.php\/wp-json\/wp\/v2\/posts\/2262\/revisions"}],"predecessor-version":[{"id":10732,"href":"https:\/\/vinsetvintage.fr\/index.php\/wp-json\/wp\/v2\/posts\/2262\/revisions\/10732"}],"wp:featuredmedia":[{"embeddable":true,"href":"https:\/\/vinsetvintage.fr\/index.php\/wp-json\/wp\/v2\/media\/2250"}],"wp:attachment":[{"href":"https:\/\/vinsetvintage.fr\/index.php\/wp-json\/wp\/v2\/media?parent=2262"}],"wp:term":[{"taxonomy":"category","embeddable":true,"href":"https:\/\/vinsetvintage.fr\/index.php\/wp-json\/wp\/v2\/categories?post=2262"},{"taxonomy":"post_tag","embeddable":true,"href":"https:\/\/vinsetvintage.fr\/index.php\/wp-json\/wp\/v2\/tags?post=2262"}],"curies":[{"name":"wp","href":"https:\/\/api.w.org\/{rel}","templated":true}]}}