{"id":11747,"date":"2024-04-01T08:19:22","date_gmt":"2024-04-01T07:19:22","guid":{"rendered":"https:\/\/vinsetvintage.fr\/?p=11747"},"modified":"2024-04-01T08:19:22","modified_gmt":"2024-04-01T07:19:22","slug":"le-bmw-ix2-xdrive-30-se-met-en-voltage-max","status":"publish","type":"post","link":"https:\/\/vinsetvintage.fr\/index.php\/2024\/04\/01\/le-bmw-ix2-xdrive-30-se-met-en-voltage-max\/","title":{"rendered":"Le BMW iX2 xDrive 30, se met en voltage max"},"content":{"rendered":"<p><span style=\"color: #993366;\"><em>Nouvelle, la deuxi\u00e8me \u00e9dition du BMW X2 marque son entr\u00e9e dans le 100 % \u00e9lectrique tout en gardant quand m\u00eame des versions thermiques. Pour ne pas indisposer ses acheteurs traditionnels.<\/em><\/span><\/p>\n<p>Pour ceux qui ne sont pas des initi\u00e9s, une petite r\u00e9vision de la grammaire BMW s\u2019impose. Histoire de savoir de quoi on parle. Chez les \u00ab B\u00e9h\u00e9mistes \u00bb, le terme X a toujours d\u00e9sign\u00e9 les SUV dans l\u2019ordre de leur taille croissante : X1, X3, X5&#8230; Et la d\u00e9nomination en chiffre pair les versions SUV en coup\u00e9 depuis le tout premier qui avait lanc\u00e9 cette nouvelle mode en 2008, le \u00a0X6 avec sa curieuse forme de ballon de rugby.<\/p>\n<figure id=\"attachment_11739\" aria-describedby=\"caption-attachment-11739\" style=\"width: 2456px\" class=\"wp-caption aligncenter\"><img loading=\"lazy\" class=\"size-full wp-image-11739\" src=\"https:\/\/vinsetvintage.fr\/wp-content\/uploads\/2024\/03\/Profil-BMW-X2.jpg\" alt=\"Profil new BMW X2\" width=\"2456\" height=\"969\" srcset=\"https:\/\/vinsetvintage.fr\/wp-content\/uploads\/2024\/03\/Profil-BMW-X2.jpg 2456w, https:\/\/vinsetvintage.fr\/wp-content\/uploads\/2024\/03\/Profil-BMW-X2-300x118.jpg 300w, https:\/\/vinsetvintage.fr\/wp-content\/uploads\/2024\/03\/Profil-BMW-X2-1024x404.jpg 1024w, https:\/\/vinsetvintage.fr\/wp-content\/uploads\/2024\/03\/Profil-BMW-X2-768x303.jpg 768w, https:\/\/vinsetvintage.fr\/wp-content\/uploads\/2024\/03\/Profil-BMW-X2-1536x606.jpg 1536w, https:\/\/vinsetvintage.fr\/wp-content\/uploads\/2024\/03\/Profil-BMW-X2-2048x808.jpg 2048w, https:\/\/vinsetvintage.fr\/wp-content\/uploads\/2024\/03\/Profil-BMW-X2-1320x521.jpg 1320w\" sizes=\"(max-width: 2456px) 100vw, 2456px\" \/><figcaption id=\"caption-attachment-11739\" class=\"wp-caption-text\">Un profil de coup\u00e9 plus long de 19 cm que celui de 2018 avec 4,55 m et 6,4 cm plus haut.<\/figcaption><\/figure>\n<p>La nouveaut\u00e9 en 2024 concerne donc la deuxi\u00e8me \u00e9dition du BMW X2 cr\u00e9\u00e9 en 2018. Autant <a href=\"https:\/\/vinsetvintage.fr\/index.php\/2018\/04\/07\/x2-sdrive-20-i-suv-newlook-de-bmw\/\">le premier<\/a> avait plut\u00f4t un look de berline rehauss\u00e9e sur des grandes roues, celui-ci renoue avec la tradition des coup\u00e9s avec un grand changement de silhouette. Le nouveau BMW X2 se rallonge de 19,4 cm \u00e0 4,55 m et gagne 6,4 cm en hauteur \u00e0 1,59 m avec une ligne de toit fuyante inclin\u00e9e vers un arri\u00e8re fast back aux impressionnants \u00e9paulements muscl\u00e9s au dessus des roues arri\u00e8res qui lui donnent une belle vigueur.<\/p>\n<figure id=\"attachment_11735\" aria-describedby=\"caption-attachment-11735\" style=\"width: 1644px\" class=\"wp-caption aligncenter\"><img loading=\"lazy\" class=\"size-full wp-image-11735\" src=\"https:\/\/vinsetvintage.fr\/wp-content\/uploads\/2024\/03\/Coffre-BMW-X2.jpg\" alt=\"Coffre BMW X2\" width=\"1644\" height=\"1080\" srcset=\"https:\/\/vinsetvintage.fr\/wp-content\/uploads\/2024\/03\/Coffre-BMW-X2.jpg 1644w, https:\/\/vinsetvintage.fr\/wp-content\/uploads\/2024\/03\/Coffre-BMW-X2-300x197.jpg 300w, https:\/\/vinsetvintage.fr\/wp-content\/uploads\/2024\/03\/Coffre-BMW-X2-1024x673.jpg 1024w, https:\/\/vinsetvintage.fr\/wp-content\/uploads\/2024\/03\/Coffre-BMW-X2-768x505.jpg 768w, https:\/\/vinsetvintage.fr\/wp-content\/uploads\/2024\/03\/Coffre-BMW-X2-1536x1009.jpg 1536w, https:\/\/vinsetvintage.fr\/wp-content\/uploads\/2024\/03\/Coffre-BMW-X2-1320x867.jpg 1320w\" sizes=\"(max-width: 1644px) 100vw, 1644px\" \/><figcaption id=\"caption-attachment-11735\" class=\"wp-caption-text\">Avec 90 l de plus le coffre a une capacit\u00e9 de 560 litres ou 525 sur l&rsquo;\u00e9lectrique.<\/figcaption><\/figure>\n<p>Cet allongement profite aux passagers arri\u00e8res et surtout au coffre qui gagne carr\u00e9ment 90 litres avec une capacit\u00e9 port\u00e9e \u00e0 560 litres. Ou 525 litres en raison de la place prise par les batteries sur le <strong>BMW iX2 x Drive 30 de 313 ch<\/strong> \u00e0 deux moteurs \u00e9lectriques avant-arri\u00e8re (sans terres rares) que nous avons essay\u00e9. Sa <strong>batterie de 64,6 kWh rechargeable en 29 minutes de 10 \u00e0 80%<\/strong> sur borne rapide 130 KW lui assure th\u00e9oriquement <strong>417 \u00e0 449 km d\u2019autonomie<\/strong>. Durant notre essai mixte route-autoroute du i X2 xDrive 30 \u00e0 rythme soutenu, la consommation a oscill\u00e9 <strong>entre 17 et 19 kWh\/ 100 km<\/strong>.<\/p>\n<figure id=\"attachment_11737\" aria-describedby=\"caption-attachment-11737\" style=\"width: 1765px\" class=\"wp-caption aligncenter\"><img loading=\"lazy\" class=\"size-full wp-image-11737\" src=\"https:\/\/vinsetvintage.fr\/wp-content\/uploads\/2024\/03\/P90525179_highRes_the-first-ever-bmw-i.jpg\" alt=\"Places arri\u00e8re X2\" width=\"1765\" height=\"1067\" srcset=\"https:\/\/vinsetvintage.fr\/wp-content\/uploads\/2024\/03\/P90525179_highRes_the-first-ever-bmw-i.jpg 1765w, https:\/\/vinsetvintage.fr\/wp-content\/uploads\/2024\/03\/P90525179_highRes_the-first-ever-bmw-i-300x181.jpg 300w, https:\/\/vinsetvintage.fr\/wp-content\/uploads\/2024\/03\/P90525179_highRes_the-first-ever-bmw-i-1024x619.jpg 1024w, https:\/\/vinsetvintage.fr\/wp-content\/uploads\/2024\/03\/P90525179_highRes_the-first-ever-bmw-i-768x464.jpg 768w, https:\/\/vinsetvintage.fr\/wp-content\/uploads\/2024\/03\/P90525179_highRes_the-first-ever-bmw-i-1536x929.jpg 1536w, https:\/\/vinsetvintage.fr\/wp-content\/uploads\/2024\/03\/P90525179_highRes_the-first-ever-bmw-i-1320x798.jpg 1320w\" sizes=\"(max-width: 1765px) 100vw, 1765px\" \/><figcaption id=\"caption-attachment-11737\" class=\"wp-caption-text\">Des places arri\u00e8re correctes mais sans grande visibilit\u00e9 aux fen\u00eatres pour les enfants.<\/figcaption><\/figure>\n<p>Bonne surprise, son surpoids \u00e0 pr\u00e8s de 2,1 tonnes (contre 1,675 en thermique) ne le p\u00e9nalise pas dans ses impressionnantes acc\u00e9l\u00e9rations (avec un <strong>couple de 494 Nm<\/strong> un <strong>0 \u00e0 100 km\/h en 5,6 secondes<\/strong>) \u00a0et en tenue de route dans les enchainements de virages qui ne g\u00e9n\u00e8rent aucun roulis. Mais au prix d\u2019une suspension dont la fermet\u00e9 est malheureusement accentu\u00e9e par l\u2019abaissement de la caisse de 1,5 cm sur cette version, et par une monte pneumatique taille basse avec grandes roues de 20 pouces.<\/p>\n<figure id=\"attachment_11738\" aria-describedby=\"caption-attachment-11738\" style=\"width: 1594px\" class=\"wp-caption aligncenter\"><img loading=\"lazy\" class=\"size-full wp-image-11738\" src=\"https:\/\/vinsetvintage.fr\/wp-content\/uploads\/2024\/03\/poste-de-pilotage-BMW-X2-.jpg\" alt=\"poste de pilotage BMW X2\" width=\"1594\" height=\"955\" srcset=\"https:\/\/vinsetvintage.fr\/wp-content\/uploads\/2024\/03\/poste-de-pilotage-BMW-X2-.jpg 1594w, https:\/\/vinsetvintage.fr\/wp-content\/uploads\/2024\/03\/poste-de-pilotage-BMW-X2--300x180.jpg 300w, https:\/\/vinsetvintage.fr\/wp-content\/uploads\/2024\/03\/poste-de-pilotage-BMW-X2--1024x614.jpg 1024w, https:\/\/vinsetvintage.fr\/wp-content\/uploads\/2024\/03\/poste-de-pilotage-BMW-X2--768x460.jpg 768w, https:\/\/vinsetvintage.fr\/wp-content\/uploads\/2024\/03\/poste-de-pilotage-BMW-X2--1536x920.jpg 1536w, https:\/\/vinsetvintage.fr\/wp-content\/uploads\/2024\/03\/poste-de-pilotage-BMW-X2--1320x791.jpg 1320w\" sizes=\"(max-width: 1594px) 100vw, 1594px\" \/><figcaption id=\"caption-attachment-11738\" class=\"wp-caption-text\">Une planche de bord sobre avec son \u00e9cran incurv\u00e9 et la console centrale a\u00e9rienne.<\/figcaption><\/figure>\n<p>Mieux vaut donc choisir des jantes de 17 pouces qui donnent davantage d\u2019amorti pneumatique pour gagner en souplesse et en confort par ailleurs excellent \u00e0 bord. Les assises, en cuir-alcantara comme sur les garnitures de portes et de planche de bord) ont un excellent maintien lat\u00e9ral et l\u2019insonorisation est plut\u00f4t bonne malgr\u00e9 des bruits de roulements plus pr\u00e9sents que sur la Peugeot 3008. \u00a0Quant \u00e0 la position de conduite, elle est agr\u00e9able en face de planche de bord \u00e0 dalle incurv\u00e9e reprise \u00e0 celle plus r\u00e9cente du X1.<\/p>\n<figure id=\"attachment_11740\" aria-describedby=\"caption-attachment-11740\" style=\"width: 1899px\" class=\"wp-caption aligncenter\"><img loading=\"lazy\" class=\"size-full wp-image-11740\" src=\"https:\/\/vinsetvintage.fr\/wp-content\/uploads\/2024\/03\/Tableau-de-bord.-BMW-X2-jpg.jpg\" alt=\"Tableau de bord. BMW X2\" width=\"1899\" height=\"1080\" srcset=\"https:\/\/vinsetvintage.fr\/wp-content\/uploads\/2024\/03\/Tableau-de-bord.-BMW-X2-jpg.jpg 1899w, https:\/\/vinsetvintage.fr\/wp-content\/uploads\/2024\/03\/Tableau-de-bord.-BMW-X2-jpg-300x171.jpg 300w, https:\/\/vinsetvintage.fr\/wp-content\/uploads\/2024\/03\/Tableau-de-bord.-BMW-X2-jpg-1024x582.jpg 1024w, https:\/\/vinsetvintage.fr\/wp-content\/uploads\/2024\/03\/Tableau-de-bord.-BMW-X2-jpg-768x437.jpg 768w, https:\/\/vinsetvintage.fr\/wp-content\/uploads\/2024\/03\/Tableau-de-bord.-BMW-X2-jpg-1536x874.jpg 1536w, https:\/\/vinsetvintage.fr\/wp-content\/uploads\/2024\/03\/Tableau-de-bord.-BMW-X2-jpg-1320x751.jpg 1320w\" sizes=\"(max-width: 1899px) 100vw, 1899px\" \/><figcaption id=\"caption-attachment-11740\" class=\"wp-caption-text\">Le tableau de bord plus moderne du nouveau BMW iX2 reprend la nouvelle dalle grand \u00e9cran du X1.<\/figcaption><\/figure>\n<p>Mais, ran\u00e7on de la high tech : les quelques boutons qui existaient encore sur le pr\u00e9c\u00e9dent X2 disparaissent et sont remplac\u00e9s par une navigation sur l\u2019\u00e9cran en 2 ou 3 \u00e9tapes\u2026.Il devient donc g\u00eanant par exemple de d\u00e9marrer sans avoir d\u00e9connect\u00e9 auparavant les aides \u00e0 la conduite comme l\u2019anti franchissement de ligne qu\u2019il est dangereux d\u2019annuler tout en roulant alors que l\u2019op\u00e9ration s\u2019effectuait jusqu\u2019ici en un clin d\u2019\u0153il. Vive le progr\u00e8s !<\/p>\n<figure id=\"attachment_11733\" aria-describedby=\"caption-attachment-11733\" style=\"width: 1334px\" class=\"wp-caption aligncenter\"><img loading=\"lazy\" class=\"size-full wp-image-11733\" src=\"https:\/\/vinsetvintage.fr\/wp-content\/uploads\/2024\/03\/BMW-X2-34-AR.jpg\" alt=\"New BMW X2 3\/4 AR\" width=\"1334\" height=\"624\" srcset=\"https:\/\/vinsetvintage.fr\/wp-content\/uploads\/2024\/03\/BMW-X2-34-AR.jpg 1334w, https:\/\/vinsetvintage.fr\/wp-content\/uploads\/2024\/03\/BMW-X2-34-AR-300x140.jpg 300w, https:\/\/vinsetvintage.fr\/wp-content\/uploads\/2024\/03\/BMW-X2-34-AR-1024x479.jpg 1024w, https:\/\/vinsetvintage.fr\/wp-content\/uploads\/2024\/03\/BMW-X2-34-AR-768x359.jpg 768w, https:\/\/vinsetvintage.fr\/wp-content\/uploads\/2024\/03\/BMW-X2-34-AR-1320x617.jpg 1320w\" sizes=\"(max-width: 1334px) 100vw, 1334px\" \/><figcaption id=\"caption-attachment-11733\" class=\"wp-caption-text\">L&rsquo;arri\u00e8re du BMW iX2 adopte un look fast back bien marqu\u00e9 avec des \u00e9paulements muscl\u00e9s.<\/figcaption><\/figure>\n<p>En revanche, l\u2019ergonomie intuitive de l\u2019\u00e9cran a gagn\u00e9 en facilit\u00e9 et avec de nouvelles applications et un programmeur de parcours pour les arr\u00eats aux bornes de rechargement. Et le BMW iX2 b\u00e9n\u00e9ficie de toutes les aides \u00e0 la conduite dernier cri jusqu\u2019ici r\u00e9serv\u00e9es aux mod\u00e8les de gammes sup\u00e9rieures. Du park assist \u00e0 la cam\u00e9ra panoramique 360 \u00b0 tr\u00e8s utile en man\u0153uvre, aux d\u00e9tections pi\u00e9tons, avertisseur de trafic transversal arri\u00e8re, assistant de marche arri\u00e8re automatique et d\u2019\u00e9vitement de trafic frontal\u2026<\/p>\n<figure id=\"attachment_11741\" aria-describedby=\"caption-attachment-11741\" style=\"width: 1228px\" class=\"wp-caption aligncenter\"><img loading=\"lazy\" class=\"size-full wp-image-11741\" src=\"https:\/\/vinsetvintage.fr\/wp-content\/uploads\/2024\/03\/Face-new-BMW-X2.jpg\" alt=\"\" width=\"1228\" height=\"897\" srcset=\"https:\/\/vinsetvintage.fr\/wp-content\/uploads\/2024\/03\/Face-new-BMW-X2.jpg 1228w, https:\/\/vinsetvintage.fr\/wp-content\/uploads\/2024\/03\/Face-new-BMW-X2-300x219.jpg 300w, https:\/\/vinsetvintage.fr\/wp-content\/uploads\/2024\/03\/Face-new-BMW-X2-1024x748.jpg 1024w, https:\/\/vinsetvintage.fr\/wp-content\/uploads\/2024\/03\/Face-new-BMW-X2-768x561.jpg 768w\" sizes=\"(max-width: 1228px) 100vw, 1228px\" \/><figcaption id=\"caption-attachment-11741\" class=\"wp-caption-text\">Une face avant massive et plus large de 2,1 cm avec sa grande calandre \u00e9clair\u00e9e.<\/figcaption><\/figure>\n<p>Plus prudent que Audi ou Mercedes sur le basculement au tout \u00e9lectrique, le constructeur munichois continue de d\u00e9cliner son BMW X2 en thermique <strong>essence 3 cyl 1,5 litres micro hybrid\u00e9 170 ch \u00e0 partir de 46 600 \u20ac<\/strong> et m\u00eame en <strong>diesel \u00a01,8 l de 150 ch<\/strong> (47 300 \u20ac) <strong>ou en 2 litres hybride de 163 ch<\/strong>. Et pour ceux qui trouveraient le BMW <strong>iX2 xDrive 30 (de 59 150 \u00e0 63 150 \u20ac)<\/strong> un peu cher, BMW proposera la version \u00ab d\u00e9gonfl\u00e9e \u00bb \u00e0 1645 kg et un seul moteur \u00e9lectrique, le<strong> iX2 eDrive 20 de 204 ch \u00a0\u00e0 partir de 46 900 \u20ac<\/strong> et donc \u00e9ligible au bonus.<\/p>\n<p>&nbsp;<\/p>\n<p>&nbsp;<\/p>\n","protected":false},"excerpt":{"rendered":"<p>Nouvelle, la deuxi\u00e8me \u00e9dition du BMW X2 marque son entr\u00e9e dans le 100 % \u00e9lectrique tout en gardant quand m\u00eame des versions thermiques. Pour ne pas indisposer ses acheteurs traditionnels. Pour ceux qui ne sont pas des initi\u00e9s, une petite r\u00e9vision de la grammaire BMW s\u2019impose. Histoire de savoir de quoi on parle. Chez les &#8230;<\/p>\n","protected":false},"author":1,"featured_media":11734,"comment_status":"closed","ping_status":"closed","sticky":false,"template":"","format":"standard","meta":[],"categories":[5,527],"tags":[610,770,769,771,772,768],"yoast_head":"<!-- This site is optimized with the Yoast SEO plugin v16.2 - https:\/\/yoast.com\/wordpress\/plugins\/seo\/ -->\n<title>BMW iX2 xDrive 30 : il met le paquet en \u00e9lectrique<\/title>\n<meta name=\"description\" content=\"BMW iX2 xDrive 30BMW iX2 xDrive 30 avec 313 ch et un couple de 494 Nm qui permet un 0 \u00e0 100 km\/h en 5,6 secondes ouaouhhh\" \/>\n<meta name=\"robots\" content=\"index, follow, max-snippet:-1, max-image-preview:large, max-video-preview:-1\" \/>\n<link rel=\"canonical\" href=\"https:\/\/vinsetvintage.fr\/index.php\/2024\/04\/01\/le-bmw-ix2-xdrive-30-se-met-en-voltage-max\/\" \/>\n<meta property=\"og:locale\" content=\"fr_FR\" \/>\n<meta property=\"og:type\" content=\"article\" \/>\n<meta property=\"og:title\" content=\"BMW iX2 xDrive 30 : il met le paquet en \u00e9lectrique\" \/>\n<meta property=\"og:description\" content=\"BMW iX2 xDrive 30BMW iX2 xDrive 30 avec 313 ch et un couple de 494 Nm qui permet un 0 \u00e0 100 km\/h en 5,6 secondes ouaouhhh\" \/>\n<meta property=\"og:url\" content=\"https:\/\/vinsetvintage.fr\/index.php\/2024\/04\/01\/le-bmw-ix2-xdrive-30-se-met-en-voltage-max\/\" \/>\n<meta property=\"og:site_name\" content=\"Vins &amp; Vintage\" \/>\n<meta property=\"article:published_time\" content=\"2024-04-01T07:19:22+00:00\" \/>\n<meta property=\"og:image\" content=\"https:\/\/vinsetvintage.fr\/wp-content\/uploads\/2024\/03\/BMW-X2-OUV.jpg\" \/>\n\t<meta property=\"og:image:width\" content=\"2281\" \/>\n\t<meta property=\"og:image:height\" content=\"1219\" \/>\n<meta name=\"twitter:card\" content=\"summary\" \/>\n<meta name=\"twitter:label1\" content=\"Dur\u00e9e de lecture est.\">\n\t<meta name=\"twitter:data1\" content=\"6 minutes\">\n<script type=\"application\/ld+json\" class=\"yoast-schema-graph\">{\"@context\":\"https:\/\/schema.org\",\"@graph\":[{\"@type\":\"WebSite\",\"@id\":\"https:\/\/vinsetvintage.fr\/#website\",\"url\":\"https:\/\/vinsetvintage.fr\/\",\"name\":\"Vins &amp; Vintage\",\"description\":\"Le premier site des passionn\\u00e9s de voitures anciennes et de bons vins\",\"potentialAction\":[{\"@type\":\"SearchAction\",\"target\":\"https:\/\/vinsetvintage.fr\/?s={search_term_string}\",\"query-input\":\"required name=search_term_string\"}],\"inLanguage\":\"fr-FR\"},{\"@type\":\"ImageObject\",\"@id\":\"https:\/\/vinsetvintage.fr\/index.php\/2024\/04\/01\/le-bmw-ix2-xdrive-30-se-met-en-voltage-max\/#primaryimage\",\"inLanguage\":\"fr-FR\",\"url\":\"https:\/\/vinsetvintage.fr\/wp-content\/uploads\/2024\/03\/BMW-X2-OUV.jpg\",\"contentUrl\":\"https:\/\/vinsetvintage.fr\/wp-content\/uploads\/2024\/03\/BMW-X2-OUV.jpg\",\"width\":2281,\"height\":1219,\"caption\":\"BMW X2 3\/4 AV\"},{\"@type\":\"WebPage\",\"@id\":\"https:\/\/vinsetvintage.fr\/index.php\/2024\/04\/01\/le-bmw-ix2-xdrive-30-se-met-en-voltage-max\/#webpage\",\"url\":\"https:\/\/vinsetvintage.fr\/index.php\/2024\/04\/01\/le-bmw-ix2-xdrive-30-se-met-en-voltage-max\/\",\"name\":\"BMW iX2 xDrive 30 : il met le paquet en \\u00e9lectrique\",\"isPartOf\":{\"@id\":\"https:\/\/vinsetvintage.fr\/#website\"},\"primaryImageOfPage\":{\"@id\":\"https:\/\/vinsetvintage.fr\/index.php\/2024\/04\/01\/le-bmw-ix2-xdrive-30-se-met-en-voltage-max\/#primaryimage\"},\"datePublished\":\"2024-04-01T07:19:22+00:00\",\"dateModified\":\"2024-04-01T07:19:22+00:00\",\"author\":{\"@id\":\"https:\/\/vinsetvintage.fr\/#\/schema\/person\/ef3dad701eb0ac27543a0c1d0b993da9\"},\"description\":\"BMW iX2 xDrive 30BMW iX2 xDrive 30 avec 313 ch et un couple de 494 Nm qui permet un 0 \\u00e0 100 km\/h en 5,6 secondes ouaouhhh\",\"breadcrumb\":{\"@id\":\"https:\/\/vinsetvintage.fr\/index.php\/2024\/04\/01\/le-bmw-ix2-xdrive-30-se-met-en-voltage-max\/#breadcrumb\"},\"inLanguage\":\"fr-FR\",\"potentialAction\":[{\"@type\":\"ReadAction\",\"target\":[\"https:\/\/vinsetvintage.fr\/index.php\/2024\/04\/01\/le-bmw-ix2-xdrive-30-se-met-en-voltage-max\/\"]}]},{\"@type\":\"BreadcrumbList\",\"@id\":\"https:\/\/vinsetvintage.fr\/index.php\/2024\/04\/01\/le-bmw-ix2-xdrive-30-se-met-en-voltage-max\/#breadcrumb\",\"itemListElement\":[{\"@type\":\"ListItem\",\"position\":1,\"item\":{\"@type\":\"WebPage\",\"@id\":\"https:\/\/vinsetvintage.fr\/\",\"url\":\"https:\/\/vinsetvintage.fr\/\",\"name\":\"Accueil\"}},{\"@type\":\"ListItem\",\"position\":2,\"item\":{\"@id\":\"https:\/\/vinsetvintage.fr\/index.php\/2024\/04\/01\/le-bmw-ix2-xdrive-30-se-met-en-voltage-max\/#webpage\"}}]},{\"@type\":\"Person\",\"@id\":\"https:\/\/vinsetvintage.fr\/#\/schema\/person\/ef3dad701eb0ac27543a0c1d0b993da9\",\"name\":\"Philippe Genet\",\"sameAs\":[\"http:\/\/vinsetvintage.fr\"]}]}<\/script>\n<!-- \/ Yoast SEO plugin. -->","_links":{"self":[{"href":"https:\/\/vinsetvintage.fr\/index.php\/wp-json\/wp\/v2\/posts\/11747"}],"collection":[{"href":"https:\/\/vinsetvintage.fr\/index.php\/wp-json\/wp\/v2\/posts"}],"about":[{"href":"https:\/\/vinsetvintage.fr\/index.php\/wp-json\/wp\/v2\/types\/post"}],"author":[{"embeddable":true,"href":"https:\/\/vinsetvintage.fr\/index.php\/wp-json\/wp\/v2\/users\/1"}],"replies":[{"embeddable":true,"href":"https:\/\/vinsetvintage.fr\/index.php\/wp-json\/wp\/v2\/comments?post=11747"}],"version-history":[{"count":6,"href":"https:\/\/vinsetvintage.fr\/index.php\/wp-json\/wp\/v2\/posts\/11747\/revisions"}],"predecessor-version":[{"id":11753,"href":"https:\/\/vinsetvintage.fr\/index.php\/wp-json\/wp\/v2\/posts\/11747\/revisions\/11753"}],"wp:featuredmedia":[{"embeddable":true,"href":"https:\/\/vinsetvintage.fr\/index.php\/wp-json\/wp\/v2\/media\/11734"}],"wp:attachment":[{"href":"https:\/\/vinsetvintage.fr\/index.php\/wp-json\/wp\/v2\/media?parent=11747"}],"wp:term":[{"taxonomy":"category","embeddable":true,"href":"https:\/\/vinsetvintage.fr\/index.php\/wp-json\/wp\/v2\/categories?post=11747"},{"taxonomy":"post_tag","embeddable":true,"href":"https:\/\/vinsetvintage.fr\/index.php\/wp-json\/wp\/v2\/tags?post=11747"}],"curies":[{"name":"wp","href":"https:\/\/api.w.org\/{rel}","templated":true}]}}